{"id":59163,"date":"2024-11-06T14:35:35","date_gmt":"2024-11-06T18:35:35","guid":{"rendered":"https:\/\/www.brazilianpress.com\/v1\/?p=59163"},"modified":"2024-11-06T14:35:35","modified_gmt":"2024-11-06T18:35:35","slug":"mais-um-voo-com-dezenas-de-brasileiros-deportados-dos-eua-chegou-ao-brasil","status":"publish","type":"post","link":"https:\/\/www.brazilianpress.com\/v1\/2024\/11\/06\/mais-um-voo-com-dezenas-de-brasileiros-deportados-dos-eua-chegou-ao-brasil\/","title":{"rendered":"Mais um voo com dezenas de brasileiros deportados dos EUA chegou ao Brasil"},"content":{"rendered":"<p><strong>Partiu de Alexandria, nos Estados Unidos da Am\u00e9rica, na manh\u00e3 de sexta-feira, 1\u00ba de novembro, outra opera\u00e7\u00e3o contratada pelo governo norte-americano para enviar de volta ao Brasil dezenas de brasileiros deportados daquele pa\u00eds.<\/strong><\/p>\n<p>De acordo com o Departamento de Seguran\u00e7a Interna dos EUA, os voos de deporta\u00e7\u00e3o t\u00eam o objetivo de repatriar cidad\u00e3os de outros pa\u00edses que n\u00e3o respeitaram as leis americanas de imigra\u00e7\u00e3o. Os deportados s\u00e3o principalmente aqueles que entraram nos Estados Unidos ilegalmente, que n\u00e3o obtiveram autoriza\u00e7\u00e3o para ficar, que foram condenados por crimes e\/ou que foram considerados uma amea\u00e7a \u00e0 seguran\u00e7a nacional. Esta \u00e9 a 13\u00aa opera\u00e7\u00e3o deste ano.<\/p>\n<p>A realiza\u00e7\u00e3o deste 13\u00ba voo logo no come\u00e7o do m\u00eas cria a expectativa de que novembro possa ser mais uma ocasi\u00e3o com duas opera\u00e7\u00f5es de deporta\u00e7\u00e3o em um m\u00eas, assim como ocorreu em agosto e outubro.<\/p>\n<p>O avi\u00e3o, que mais uma vez partiu de Alexandria, nos Estados Unidos, fez escalas de reabastecimento no Panam\u00e1 e em Manaus (AM) e chegou ao Aeroporto Internacional de Belo Horizonte, em Confins (MG). Este \u00e9 o 13\u00ba voo de brasileiros deportados dos EUA neste ano, a \u00faltima opera\u00e7\u00e3o foi em 18 de outubro e repatriou 100 brasileiros, totalizando 1.454 no ano e 10.733 desde o in\u00edcio dos voos de deporta\u00e7\u00e3o, em 2019.<\/p>\n","protected":false},"excerpt":{"rendered":"<p>Partiu de Alexandria, nos Estados Unidos da Am\u00e9rica, na manh\u00e3 de sexta-feira, 1\u00ba de novembro, outra opera\u00e7\u00e3o contratada pelo governo norte-americano para enviar de volta ao Brasil dezenas de brasileiros deportados daquele pa\u00eds. De acordo com o Departamento de Seguran\u00e7a Interna dos EUA, os voos de deporta\u00e7\u00e3o t\u00eam o objetivo de repatriar cidad\u00e3os de outros pa\u00edses que n\u00e3o respeitaram as leis americanas de imigra\u00e7\u00e3o. Os deportados s\u00e3o principalmente aqueles que entraram nos Estados Unidos ilegalmente, que n\u00e3o obtiveram autoriza\u00e7\u00e3o para ficar, que foram condenados por crimes e\/ou que foram considerados uma amea\u00e7a \u00e0 seguran\u00e7a nacional. Esta \u00e9 a 13\u00aa opera\u00e7\u00e3o [&hellip;]<\/p>\n","protected":false},"author":1,"featured_media":56818,"comment_status":"open","ping_status":"closed","sticky":false,"template":"","format":"standard","meta":{"_links_to":"","_links_to_target":""},"categories":[7,3,1],"tags":[],"views":1402,"_links":{"self":[{"href":"https:\/\/www.brazilianpress.com\/v1\/wp-json\/wp\/v2\/posts\/59163"}],"collection":[{"href":"https:\/\/www.brazilianpress.com\/v1\/wp-json\/wp\/v2\/posts"}],"about":[{"href":"https:\/\/www.brazilianpress.com\/v1\/wp-json\/wp\/v2\/types\/post"}],"author":[{"embeddable":true,"href":"https:\/\/www.brazilianpress.com\/v1\/wp-json\/wp\/v2\/users\/1"}],"replies":[{"embeddable":true,"href":"https:\/\/www.brazilianpress.com\/v1\/wp-json\/wp\/v2\/comments?post=59163"}],"version-history":[{"count":1,"href":"https:\/\/www.brazilianpress.com\/v1\/wp-json\/wp\/v2\/posts\/59163\/revisions"}],"predecessor-version":[{"id":59164,"href":"https:\/\/www.brazilianpress.com\/v1\/wp-json\/wp\/v2\/posts\/59163\/revisions\/59164"}],"wp:featuredmedia":[{"embeddable":true,"href":"https:\/\/www.brazilianpress.com\/v1\/wp-json\/wp\/v2\/media\/56818"}],"wp:attachment":[{"href":"https:\/\/www.brazilianpress.com\/v1\/wp-json\/wp\/v2\/media?parent=59163"}],"wp:term":[{"taxonomy":"category","embeddable":true,"href":"https:\/\/www.brazilianpress.com\/v1\/wp-json\/wp\/v2\/categories?post=59163"},{"taxonomy":"post_tag","embeddable":true,"href":"https:\/\/www.brazilianpress.com\/v1\/wp-json\/wp\/v2\/tags?post=59163"}],"curies":[{"name":"wp","href":"https:\/\/api.w.org\/{rel}","templated":true}]}}