{"id":59177,"date":"2024-11-07T14:51:00","date_gmt":"2024-11-07T18:51:00","guid":{"rendered":"https:\/\/www.brazilianpress.com\/v1\/?p=59177"},"modified":"2024-11-07T14:51:00","modified_gmt":"2024-11-07T18:51:00","slug":"agencia-estadual-brasileira-investiga-tiktok-por-possivel-acesso-a-dados-de-menores","status":"publish","type":"post","link":"https:\/\/www.brazilianpress.com\/v1\/2024\/11\/07\/agencia-estadual-brasileira-investiga-tiktok-por-possivel-acesso-a-dados-de-menores\/","title":{"rendered":"Ag\u00eancia estadual brasileira investiga TikTok por poss\u00edvel acesso a dados de menores"},"content":{"rendered":"<p><strong>Um \u00f3rg\u00e3o estadual brasileiro determinou na segunda-feira que a rede social TikTok estabele\u00e7a uma pol\u00edtica clara de prote\u00e7\u00e3o de dados e iniciou uma investiga\u00e7\u00e3o para esclarecer se a plataforma teve acesso a informa\u00e7\u00f5es pessoais de menores.<\/strong><\/p>\n<p>A Autoridade Nacional de Prote\u00e7\u00e3o de Dados (ANPD), vinculada ao Minist\u00e9rio da Justi\u00e7a, informou em comunicado que essas decis\u00f5es se devem a um \u201cdescuido\u201d das atividades da rede, segundo a qual h\u00e1 \u201cind\u00edcios de viola\u00e7\u00f5es\u201d das leis nacionais para preservar informa\u00e7\u00f5es pessoais no tr\u00e1fego da Internet.<\/p>\n<p>Estas indica\u00e7\u00f5es referem-se \u201cespecialmente no que se refere a crian\u00e7as e adolescentes\u201d e a regulamenta\u00e7\u00f5es espec\u00edficas, segundo as quais a privacidade dos dados pessoais deve \u201cter garantias de prote\u00e7\u00e3o adequadas\u201d nos casos de menores, acrescenta o comunicado.<\/p>\n<p>Com base nessas suspeitas, a ANDP abriu um processo administrativo contra o TikTok e deu-lhe um prazo de dez dias para desativar os recursos que permitem o acesso ao seu conte\u00fado sem a necessidade de cadastro pr\u00e9vio ou verifica\u00e7\u00e3o de idade.<\/p>\n<p>Da mesma forma, exigiu que a empresa apresente um plano que inclua restri\u00e7\u00f5es \u00e0 cria\u00e7\u00e3o de perfis falsos e protocolos para n\u00e3o permitir a abertura de contas de crian\u00e7as e adolescentes que n\u00e3o sejam \u201cassistidos pelos pais ou respons\u00e1veis\u201d durante o cadastro.<\/p>\n<p>O TikTok \u00e9 uma das redes sociais mais utilizadas no Brasil e, segundo dados pr\u00f3prios, possui cerca de 82 milh\u00f5es de usu\u00e1rios maiores de 18 anos no pa\u00eds, embora seja desconhecido o n\u00famero de crian\u00e7as e adolescentes que acessam a plataforma.<\/p>\n","protected":false},"excerpt":{"rendered":"<p>Um \u00f3rg\u00e3o estadual brasileiro determinou na segunda-feira que a rede social TikTok estabele\u00e7a uma pol\u00edtica clara de prote\u00e7\u00e3o de dados e iniciou uma investiga\u00e7\u00e3o para esclarecer se a plataforma teve acesso a informa\u00e7\u00f5es pessoais de menores. A Autoridade Nacional de Prote\u00e7\u00e3o de Dados (ANPD), vinculada ao Minist\u00e9rio da Justi\u00e7a, informou em comunicado que essas decis\u00f5es se devem a um \u201cdescuido\u201d das atividades da rede, segundo a qual h\u00e1 \u201cind\u00edcios de viola\u00e7\u00f5es\u201d das leis nacionais para preservar informa\u00e7\u00f5es pessoais no tr\u00e1fego da Internet. Estas indica\u00e7\u00f5es referem-se \u201cespecialmente no que se refere a crian\u00e7as e adolescentes\u201d e a regulamenta\u00e7\u00f5es espec\u00edficas, segundo as [&hellip;]<\/p>\n","protected":false},"author":1,"featured_media":44772,"comment_status":"open","ping_status":"closed","sticky":false,"template":"","format":"standard","meta":{"_links_to":"","_links_to_target":""},"categories":[7,1],"tags":[],"views":594,"_links":{"self":[{"href":"https:\/\/www.brazilianpress.com\/v1\/wp-json\/wp\/v2\/posts\/59177"}],"collection":[{"href":"https:\/\/www.brazilianpress.com\/v1\/wp-json\/wp\/v2\/posts"}],"about":[{"href":"https:\/\/www.brazilianpress.com\/v1\/wp-json\/wp\/v2\/types\/post"}],"author":[{"embeddable":true,"href":"https:\/\/www.brazilianpress.com\/v1\/wp-json\/wp\/v2\/users\/1"}],"replies":[{"embeddable":true,"href":"https:\/\/www.brazilianpress.com\/v1\/wp-json\/wp\/v2\/comments?post=59177"}],"version-history":[{"count":1,"href":"https:\/\/www.brazilianpress.com\/v1\/wp-json\/wp\/v2\/posts\/59177\/revisions"}],"predecessor-version":[{"id":59178,"href":"https:\/\/www.brazilianpress.com\/v1\/wp-json\/wp\/v2\/posts\/59177\/revisions\/59178"}],"wp:featuredmedia":[{"embeddable":true,"href":"https:\/\/www.brazilianpress.com\/v1\/wp-json\/wp\/v2\/media\/44772"}],"wp:attachment":[{"href":"https:\/\/www.brazilianpress.com\/v1\/wp-json\/wp\/v2\/media?parent=59177"}],"wp:term":[{"taxonomy":"category","embeddable":true,"href":"https:\/\/www.brazilianpress.com\/v1\/wp-json\/wp\/v2\/categories?post=59177"},{"taxonomy":"post_tag","embeddable":true,"href":"https:\/\/www.brazilianpress.com\/v1\/wp-json\/wp\/v2\/tags?post=59177"}],"curies":[{"name":"wp","href":"https:\/\/api.w.org\/{rel}","templated":true}]}}