{"id":59182,"date":"2024-11-08T13:09:09","date_gmt":"2024-11-08T17:09:09","guid":{"rendered":"https:\/\/www.brazilianpress.com\/v1\/?p=59182"},"modified":"2024-11-08T13:09:09","modified_gmt":"2024-11-08T17:09:09","slug":"discurso-grave-de-lula-contra-trump-chegou-ao-conhecimento-do-presidente-eleito-dos-eua-itamaraty-minimiza","status":"publish","type":"post","link":"https:\/\/www.brazilianpress.com\/v1\/2024\/11\/08\/discurso-grave-de-lula-contra-trump-chegou-ao-conhecimento-do-presidente-eleito-dos-eua-itamaraty-minimiza\/","title":{"rendered":"Discurso grave de Lula contra Trump chegou ao conhecimento do presidente eleito dos EUA. Itamaraty &#8220;minimiza&#8221;"},"content":{"rendered":"<p><strong>Ap\u00f3s a confirma\u00e7\u00e3o da vit\u00f3ria de Donald Trump, o assessor especial da Presid\u00eancia da Rep\u00fablica para assuntos internacionais, Celso Amorim, declarou que o apoio de Lula \u00e0 candidata Kamala Harris foi \u201cdiscreto\u201d. E disse, ainda, que o petista n\u00e3o chegou a falar mal do presidente eleito dos Estados Unidos.<\/strong><\/p>\n<p>Assessores de Trump, contudo, tomaram conhecimento de uma fala de Lula que vai no sentido oposto. Dias antes da elei\u00e7\u00e3o, o petista colocou o retorno do norte-americano \u00e0 Casa Branca num contexto do \u201cfascismo e o nazismo voltando a funcionar com outra cara\u201d. Durante entrevista internacional, o presidente brasileiro manifestou apoio a Kamala Harris por ser um \u201camante da democracia\u201d.<\/p>\n<p><img src=\"https:\/\/www.cnnbrasil.com.br\/wp-content\/uploads\/sites\/12\/2024\/07\/lula-e-trump.jpg\" alt=\"Planalto descarta Lula-Trump como repeti\u00e7\u00e3o de Lula-Bush | CNN Brasil\" \/><\/p>\n<p>\u201cN\u00f3s vimos o que foi o presidente Trump no final do seu mandato, fazendo aquele ataque ao Capit\u00f3lio. Uma coisa que era impens\u00e1vel de acontecer nos EUA, pois o pa\u00eds se apresentava ao mundo como um modelo de democracia. E esse modelo ruiu. Ent\u00e3o, n\u00f3s, agora, temos o \u00f3dio destilado todo santo dia, as mentiras, n\u00e3o apenas nos EUA, na Europa, na Am\u00e9rica Latina, v\u00e1rios pa\u00edses. \u00c9 o fascismo e o nazismo voltando a funcionar com outra cara. Como sou amante da democracia, acho a coisa mais sagrada que n\u00f3s humanos conseguimos construir pra bem governar o nosso pa\u00eds, obviamente estou torcendo para a Kamala ganhar as elei\u00e7\u00f5es\u201d, disse Lula.<\/p>\n<p>Durante um encontro na Fl\u00f3rida, a equipe de Trump assistiu \u00e0s declara\u00e7\u00f5es do presidente, exibidas por pol\u00edticos brasileiros que fazem oposi\u00e7\u00e3o ao petista. Ap\u00f3s a elei\u00e7\u00e3o de Donald Trump, Celso Amorim afirmou que o governo Lula tentar\u00e1 manter uma rela\u00e7\u00e3o normal com o republicano. \u201cAcho que a express\u00e3o usada por Lula de simpatia por Kamala foi discreta e n\u00e3o falou mal de Trump\u201d, disse. O ex-chanceler completou: \u201cVamos procurar manter uma rela\u00e7\u00e3o normal. O exemplo que dou a todos \u00e9 o que aconteceu com o presidente Bush. Na ocasi\u00e3o, o Brasil condenou a guerra do Iraque, o que foi muito forte. O presidente Lula fez quest\u00e3o de falar condenando a guerra e, mesmo assim, n\u00f3s tivemos uma rela\u00e7\u00e3o normal. Ele mesmo visitou o Brasil duas ocasi\u00f5es\u201d.<\/p>\n<p><strong>Planalto diz que n\u00e3o h\u00e1 afronta direta a Trump<\/strong><\/p>\n<p>Interlocutores do presidente argumentam que a fala de Lula n\u00e3o foi uma afronta direta a Donald Trump. De acordo com o Planalto, o coment\u00e1rio do presidente aborda um contexto generalista do que considera \u201ccrescimento do \u00f3dio\u201d n\u00e3o somente nos EUA, mas tamb\u00e9m na Europa e na Am\u00e9rica Latina, sem citar nomes espec\u00edficos. J\u00e1 o l\u00edder do governo no Congresso Nacional, o senador Randolfe Rodrigues (PT-AP) afirmou que a vit\u00f3ria de Donald Trump nos EUA n\u00e3o mudar\u00e1 a rela\u00e7\u00e3o pol\u00edtica e comercial do Brasil com pa\u00eds. \u201cBrasil e Estados Unidos t\u00eam mais de 200 anos de rela\u00e7\u00e3o sempre estabelecida da melhor forma poss\u00edvel. N\u00e3o tem raz\u00e3o para a altera\u00e7\u00e3o da rela\u00e7\u00e3o pol\u00edtica e da rela\u00e7\u00e3o comercial. N\u00e3o ter\u00e1 da parte do Brasil. Vamos partir em frente. Obviamente, n\u00f3s t\u00ednhamos nossas prefer\u00eancias, mas \u00e9 o resultado das elei\u00e7\u00f5es\u201d, disse o senador.<\/p>\n","protected":false},"excerpt":{"rendered":"<p>Ap\u00f3s a confirma\u00e7\u00e3o da vit\u00f3ria de Donald Trump, o assessor especial da Presid\u00eancia da Rep\u00fablica para assuntos internacionais, Celso Amorim, declarou que o apoio de Lula \u00e0 candidata Kamala Harris foi \u201cdiscreto\u201d. E disse, ainda, que o petista n\u00e3o chegou a falar mal do presidente eleito dos Estados Unidos. Assessores de Trump, contudo, tomaram conhecimento de uma fala de Lula que vai no sentido oposto. Dias antes da elei\u00e7\u00e3o, o petista colocou o retorno do norte-americano \u00e0 Casa Branca num contexto do \u201cfascismo e o nazismo voltando a funcionar com outra cara\u201d. Durante entrevista internacional, o presidente brasileiro manifestou apoio [&hellip;]<\/p>\n","protected":false},"author":1,"featured_media":59183,"comment_status":"open","ping_status":"closed","sticky":false,"template":"","format":"standard","meta":{"_links_to":"","_links_to_target":""},"categories":[3,1,10],"tags":[],"views":820,"_links":{"self":[{"href":"https:\/\/www.brazilianpress.com\/v1\/wp-json\/wp\/v2\/posts\/59182"}],"collection":[{"href":"https:\/\/www.brazilianpress.com\/v1\/wp-json\/wp\/v2\/posts"}],"about":[{"href":"https:\/\/www.brazilianpress.com\/v1\/wp-json\/wp\/v2\/types\/post"}],"author":[{"embeddable":true,"href":"https:\/\/www.brazilianpress.com\/v1\/wp-json\/wp\/v2\/users\/1"}],"replies":[{"embeddable":true,"href":"https:\/\/www.brazilianpress.com\/v1\/wp-json\/wp\/v2\/comments?post=59182"}],"version-history":[{"count":1,"href":"https:\/\/www.brazilianpress.com\/v1\/wp-json\/wp\/v2\/posts\/59182\/revisions"}],"predecessor-version":[{"id":59184,"href":"https:\/\/www.brazilianpress.com\/v1\/wp-json\/wp\/v2\/posts\/59182\/revisions\/59184"}],"wp:featuredmedia":[{"embeddable":true,"href":"https:\/\/www.brazilianpress.com\/v1\/wp-json\/wp\/v2\/media\/59183"}],"wp:attachment":[{"href":"https:\/\/www.brazilianpress.com\/v1\/wp-json\/wp\/v2\/media?parent=59182"}],"wp:term":[{"taxonomy":"category","embeddable":true,"href":"https:\/\/www.brazilianpress.com\/v1\/wp-json\/wp\/v2\/categories?post=59182"},{"taxonomy":"post_tag","embeddable":true,"href":"https:\/\/www.brazilianpress.com\/v1\/wp-json\/wp\/v2\/tags?post=59182"}],"curies":[{"name":"wp","href":"https:\/\/api.w.org\/{rel}","templated":true}]}}