{"id":59189,"date":"2024-11-09T10:54:52","date_gmt":"2024-11-09T14:54:52","guid":{"rendered":"https:\/\/www.brazilianpress.com\/v1\/?p=59189"},"modified":"2024-11-09T10:54:52","modified_gmt":"2024-11-09T14:54:52","slug":"politicas-anti-imigratorias-de-trump-terao-impacto-no-mercado-de-trabalho-e-aumentarao-inflacao-alerta-analista","status":"publish","type":"post","link":"https:\/\/www.brazilianpress.com\/v1\/2024\/11\/09\/politicas-anti-imigratorias-de-trump-terao-impacto-no-mercado-de-trabalho-e-aumentarao-inflacao-alerta-analista\/","title":{"rendered":"Pol\u00edticas anti imigrat\u00f3rias de Trump ter\u00e3o impacto no mercado de trabalho e aumentar\u00e3o infla\u00e7\u00e3o, alerta analista"},"content":{"rendered":"<p><strong>Ao lado do aumento das tarifa de importa\u00e7\u00e3o e da diminui\u00e7\u00e3o de impostos, conter a imigra\u00e7\u00e3o tamb\u00e9m est\u00e1 na lista das principais medidas prometidas pelo presidente eleito, Donald Trump, durante campanha nos Estados Unidos.<\/strong><\/p>\n<p>Mas assim como as outras propostas de destaque, sua aplica\u00e7\u00e3o na integralidade \u00e9 de dif\u00edcil execu\u00e7\u00e3o. A avalia\u00e7\u00e3o \u00e9 de Eduardo Cotrim, economista, gestor e s\u00f3cio da JGP, que participou do epis\u00f3dio 262 do programa Stock Pickers, com apresenta\u00e7\u00e3o de Lucas Collazo e Henrique Esteter.<\/p>\n<p><img src=\"https:\/\/neofeed.com.br\/wp-content\/uploads\/2022\/05\/JGP-Eduardo-Cotrim2.jpg\" alt=\"Esque\u00e7a o d\u00f3lar? Para a JGP, pode ser mais interessante ter real na  carteira - NeoFeed\" \/><\/p>\n<p><strong>Mercado de trabalho apertado<\/strong><\/p>\n<p>Para ele, entre as \u201camea\u00e7as\u201d de Trump, a deporta\u00e7\u00e3o em massa pode n\u00e3o dar certo. \u201cQuando se discutiu que o mercado de trabalho americano estava apertado, por meio do Payroll, o sal\u00e1rio das pessoas, a taxa acima da infla\u00e7\u00e3o, isso fez com que o Fed (Federal Reserve) puxasse os juros para cima, a 5,25%\u201d, recorda o gestor.<\/p>\n<p>Mas, segundo ele, o fluxo de imigrantes ajudou muito a diminuir o impacto do mercado de trabalho na pol\u00edtica monet\u00e1ria e na economia americana. \u201cTeve uma pol\u00edtica nos \u00faltimos quatro anos que entrou muita gente nos Estados Unidos\u201d, destaca. \u201cMas o n\u00famero de empregados no mercado de trabalho, com as pessoas trabalhando nos Estados Unidos, que s\u00e3o americanos, hoje \u00e9 o mesmo n\u00famero que tinha antes da pandemia. A for\u00e7a de trabalho que cresceu nesses tr\u00eas anos, que d\u00e1 mais ou menos 3 milh\u00f5es de pessoas, \u00e9 tudo estrangeiro\u201d, ressalta. \u201cIsso ajuda a tirar press\u00e3o da economia e faz com que ela funcione melhor\u201d, afirma.<\/p>\n<p><strong>Imigra\u00e7\u00e3o diminuiu no primeiro governo Trump<\/strong><\/p>\n<p>Cotrim recorda que se pegar a quantidade de pessoas que entraram nos Estados Unidos nos anos do governo Barak Obama, deu uma m\u00e9dia de 1 milh\u00e3o de imigrantes por ano ingressando no pa\u00eds. Quando se v\u00ea esses mesmos dados nos anos do primeiro governo Trump, esse n\u00famero cai para 750 mil por ano. \u201cMas quando vem para o (governo Joe) Biden, nos 4 anos, foram 10,5 milh\u00f5es de imigrantes que entraram nos Estados Unidos. D\u00e1 uma m\u00e9dia de 2,5 milh\u00f5es de pessoas por ano\u201d, pontua. O economista ressalta que o democrata j\u00e1 vinha fazendo restri\u00e7\u00e3o \u00e0 imigra\u00e7\u00e3o nos \u00faltimos meses.<\/p>\n<p>\u201cMas se diminuir o ritmo para 750 mil pessoas por ano nos Estados Unidos, qual o impacto que se vai ter no mercado de trabalho\u201d, questiona Eduardo Cotrim. \u201cO imigrante ajuda no equil\u00edbrio da economia. O americano quer algu\u00e9m para limpar o banheiro. A maioria dos trabalhadores menos qualificados \u00e9 de estrangeiros.\u201d Segundo ele, no setor de constru\u00e7\u00e3o civil, 1 em cada 3 empregados \u00e9 estrangeiro, e no setor de servi\u00e7os, 1 em cada 4. No mercado de trabalho total, 1 \u00e9 imigrante a cada 5 empregados. \u201cO estrangeiro cumpre o papel importante na economia americana\u201d, afirma. \u201cPara a economia continuar rodando, precisa de mais gente entrando no mercado de trabalho. O imigrante, de certa forma, tem a sua fun\u00e7\u00e3o na sociedade americana\u201d, acrescenta.<\/p>\n","protected":false},"excerpt":{"rendered":"<p>Ao lado do aumento das tarifa de importa\u00e7\u00e3o e da diminui\u00e7\u00e3o de impostos, conter a imigra\u00e7\u00e3o tamb\u00e9m est\u00e1 na lista das principais medidas prometidas pelo presidente eleito, Donald Trump, durante campanha nos Estados Unidos. Mas assim como as outras propostas de destaque, sua aplica\u00e7\u00e3o na integralidade \u00e9 de dif\u00edcil execu\u00e7\u00e3o. A avalia\u00e7\u00e3o \u00e9 de Eduardo Cotrim, economista, gestor e s\u00f3cio da JGP, que participou do epis\u00f3dio 262 do programa Stock Pickers, com apresenta\u00e7\u00e3o de Lucas Collazo e Henrique Esteter. Mercado de trabalho apertado Para ele, entre as \u201camea\u00e7as\u201d de Trump, a deporta\u00e7\u00e3o em massa pode n\u00e3o dar certo. \u201cQuando se [&hellip;]<\/p>\n","protected":false},"author":1,"featured_media":59190,"comment_status":"open","ping_status":"closed","sticky":false,"template":"","format":"standard","meta":{"_links_to":"","_links_to_target":""},"categories":[3,1,10],"tags":[],"views":993,"_links":{"self":[{"href":"https:\/\/www.brazilianpress.com\/v1\/wp-json\/wp\/v2\/posts\/59189"}],"collection":[{"href":"https:\/\/www.brazilianpress.com\/v1\/wp-json\/wp\/v2\/posts"}],"about":[{"href":"https:\/\/www.brazilianpress.com\/v1\/wp-json\/wp\/v2\/types\/post"}],"author":[{"embeddable":true,"href":"https:\/\/www.brazilianpress.com\/v1\/wp-json\/wp\/v2\/users\/1"}],"replies":[{"embeddable":true,"href":"https:\/\/www.brazilianpress.com\/v1\/wp-json\/wp\/v2\/comments?post=59189"}],"version-history":[{"count":1,"href":"https:\/\/www.brazilianpress.com\/v1\/wp-json\/wp\/v2\/posts\/59189\/revisions"}],"predecessor-version":[{"id":59191,"href":"https:\/\/www.brazilianpress.com\/v1\/wp-json\/wp\/v2\/posts\/59189\/revisions\/59191"}],"wp:featuredmedia":[{"embeddable":true,"href":"https:\/\/www.brazilianpress.com\/v1\/wp-json\/wp\/v2\/media\/59190"}],"wp:attachment":[{"href":"https:\/\/www.brazilianpress.com\/v1\/wp-json\/wp\/v2\/media?parent=59189"}],"wp:term":[{"taxonomy":"category","embeddable":true,"href":"https:\/\/www.brazilianpress.com\/v1\/wp-json\/wp\/v2\/categories?post=59189"},{"taxonomy":"post_tag","embeddable":true,"href":"https:\/\/www.brazilianpress.com\/v1\/wp-json\/wp\/v2\/tags?post=59189"}],"curies":[{"name":"wp","href":"https:\/\/api.w.org\/{rel}","templated":true}]}}