{"id":59209,"date":"2024-11-14T17:44:30","date_gmt":"2024-11-14T21:44:30","guid":{"rendered":"https:\/\/www.brazilianpress.com\/v1\/?p=59209"},"modified":"2024-11-14T17:44:30","modified_gmt":"2024-11-14T21:44:30","slug":"governo-trump-promovera-expansao-massiva-da-detencao-de-imigrantes-ele-cumprira-garante-porta-voz","status":"publish","type":"post","link":"https:\/\/www.brazilianpress.com\/v1\/2024\/11\/14\/governo-trump-promovera-expansao-massiva-da-detencao-de-imigrantes-ele-cumprira-garante-porta-voz\/","title":{"rendered":"Governo Trump promover\u00e1 expans\u00e3o massiva da deten\u00e7\u00e3o de imigrantes: &#8220;Ele cumprir\u00e1&#8221;, garante porta-voz"},"content":{"rendered":"<p><strong>O novo governo Trump j\u00e1 est\u00e1 se preparando para aumentar drasticamente sua capacidade de deter imigrantes ilegais como parte da opera\u00e7\u00e3o de deporta\u00e7\u00e3o em massa que prometeu lan\u00e7ar em janeiro, confirmou a Fox News Digital \u2014 o mais recente sinal de que planeja cumprir essa promessa.<\/strong><\/p>\n<p>O presidente eleito Trump disse durante a campanha que pretende lan\u00e7ar uma campanha hist\u00f3rica de deporta\u00e7\u00e3o em massa ap\u00f3s a crise hist\u00f3rica de migrantes na fronteira sul. \u00c9 uma promessa que ele e altos funcion\u00e1rios t\u00eam repetido desde sua vit\u00f3ria eleitoral na semana passada.<\/p>\n<p>Karoline Leavitt, porta-voz da equipe de transi\u00e7\u00e3o, disse \u00e0 Fox News Digital: &#8220;O povo americano reelegeu o presidente Trump por uma margem retumbante, dando a ele um mandato para implementar as promessas que fez na campanha eleitoral. Ele cumprir\u00e1.&#8221; A NBC News informou esta semana que o governo Trump est\u00e1 considerando locais onde pode expandir os centros de deten\u00e7\u00e3o de imigrantes e que a equipe de transi\u00e7\u00e3o est\u00e1 analisando quantos migrantes podem ser mantidos em regi\u00f5es do pa\u00eds e conversando com empresas privadas de pris\u00f5es sobre expans\u00e3o.<\/p>\n<p>Uma fonte familiarizada com os planos confirmou a reportagem. A NBC informou que o plano \u00e9 dobrar o n\u00famero de leitos do Immigration and Customs Enforcement (ICE) alocados pelo Congresso, mas a fonte disse que a inten\u00e7\u00e3o \u00e9 aumentar significativamente o n\u00famero de leitos, e que dobrar a capacidade era muito espec\u00edfico. Espera-se que os locais sejam expandidos perto de \u00e1reas onde houve n\u00fameros significativos de imigrantes ilegais. Cidades &#8220;santu\u00e1rios&#8221; como Nova York, Washington DC e Chicago foram sobrecarregadas por uma onda de migrantes em suas jurisdi\u00e7\u00f5es, alguns dos quais foram trazidos de \u00f4nibus pelo Texas, ent\u00e3o centros de deten\u00e7\u00e3o poderiam ser criados, expandidos ou reabertos nessas \u00e1reas.<\/p>\n<p>Atualmente, h\u00e1 uma s\u00e9rie de instala\u00e7\u00f5es do ICE que n\u00e3o est\u00e3o em plena capacidade, ou que poderiam ter sua capacidade expandida. Alguns casos s\u00e3o \u00fanicos, como uma instala\u00e7\u00e3o em Adelanto, Calif\u00f3rnia, que foi amplamente fechada devido a uma ordem judicial da era COVID. Os republicanos t\u00eam repetidamente martelado a administra\u00e7\u00e3o Biden por um n\u00edvel menor de deporta\u00e7\u00f5es, mesmo em meio a uma onda hist\u00f3rica de migrantes para o interior dos EUA. Cr\u00edticos do plano de Trump alegaram que o custo seria muito alto, mas os falc\u00f5es da imigra\u00e7\u00e3o disseram que \u00e9 mais barato do que permitir que eles fiquem.<\/p>\n<p>A administra\u00e7\u00e3o pode enfrentar uma resist\u00eancia significativa dos governadores democratas. A governadora de Massachusetts, Maura Healey, disse na semana passada que &#8220;todas as ferramentas na caixa de ferramentas devem ser usadas para proteger nossos cidad\u00e3os, proteger nossos residentes e proteger nossos estados e manter a linha da democracia e do estado de direito como um princ\u00edpio b\u00e1sico&#8221;. &#8220;N\u00e3o. Absolutamente n\u00e3o&#8221;, ela disse quando perguntada se a pol\u00edcia estadual ajudaria com as deporta\u00e7\u00f5es. Trump anunciou tr\u00eas grandes mudan\u00e7as de pessoal relacionadas \u00e0 imigra\u00e7\u00e3o esta semana. Na segunda-feira, ele anunciou que o ex -diretor interino do ICE, Tom Homan , ser\u00e1 o &#8220;czar da fronteira&#8221; e ficar\u00e1 encarregado da seguran\u00e7a da fronteira e da supervis\u00e3o da opera\u00e7\u00e3o de deporta\u00e7\u00e3o. Na ter\u00e7a-feira, Trump anunciou que Kristi Noem foi sua escolha para liderar o departamento de Seguran\u00e7a Interna. &#8220;Com Donald Trump, protegeremos a fronteira e restauraremos a seguran\u00e7a nas comunidades americanas para que as fam\u00edlias tenham novamente a oportunidade de perseguir o sonho americano&#8221;, disse ela em um comunicado. Na quarta-feira, Trump anunciou que Stephen Miller, que liderou muitas pol\u00edticas de imigra\u00e7\u00e3o no primeiro mandato de Trump, atuar\u00e1 como assistente do presidente e vice-chefe de gabinete para pol\u00edticas e conselheiro de seguran\u00e7a interna.<\/p>\n","protected":false},"excerpt":{"rendered":"<p>O novo governo Trump j\u00e1 est\u00e1 se preparando para aumentar drasticamente sua capacidade de deter imigrantes ilegais como parte da opera\u00e7\u00e3o de deporta\u00e7\u00e3o em massa que prometeu lan\u00e7ar em janeiro, confirmou a Fox News Digital \u2014 o mais recente sinal de que planeja cumprir essa promessa. O presidente eleito Trump disse durante a campanha que pretende lan\u00e7ar uma campanha hist\u00f3rica de deporta\u00e7\u00e3o em massa ap\u00f3s a crise hist\u00f3rica de migrantes na fronteira sul. \u00c9 uma promessa que ele e altos funcion\u00e1rios t\u00eam repetido desde sua vit\u00f3ria eleitoral na semana passada. Karoline Leavitt, porta-voz da equipe de transi\u00e7\u00e3o, disse \u00e0 Fox [&hellip;]<\/p>\n","protected":false},"author":1,"featured_media":59210,"comment_status":"open","ping_status":"closed","sticky":false,"template":"","format":"standard","meta":{"_links_to":"","_links_to_target":""},"categories":[4,3,1],"tags":[],"views":908,"_links":{"self":[{"href":"https:\/\/www.brazilianpress.com\/v1\/wp-json\/wp\/v2\/posts\/59209"}],"collection":[{"href":"https:\/\/www.brazilianpress.com\/v1\/wp-json\/wp\/v2\/posts"}],"about":[{"href":"https:\/\/www.brazilianpress.com\/v1\/wp-json\/wp\/v2\/types\/post"}],"author":[{"embeddable":true,"href":"https:\/\/www.brazilianpress.com\/v1\/wp-json\/wp\/v2\/users\/1"}],"replies":[{"embeddable":true,"href":"https:\/\/www.brazilianpress.com\/v1\/wp-json\/wp\/v2\/comments?post=59209"}],"version-history":[{"count":1,"href":"https:\/\/www.brazilianpress.com\/v1\/wp-json\/wp\/v2\/posts\/59209\/revisions"}],"predecessor-version":[{"id":59211,"href":"https:\/\/www.brazilianpress.com\/v1\/wp-json\/wp\/v2\/posts\/59209\/revisions\/59211"}],"wp:featuredmedia":[{"embeddable":true,"href":"https:\/\/www.brazilianpress.com\/v1\/wp-json\/wp\/v2\/media\/59210"}],"wp:attachment":[{"href":"https:\/\/www.brazilianpress.com\/v1\/wp-json\/wp\/v2\/media?parent=59209"}],"wp:term":[{"taxonomy":"category","embeddable":true,"href":"https:\/\/www.brazilianpress.com\/v1\/wp-json\/wp\/v2\/categories?post=59209"},{"taxonomy":"post_tag","embeddable":true,"href":"https:\/\/www.brazilianpress.com\/v1\/wp-json\/wp\/v2\/tags?post=59209"}],"curies":[{"name":"wp","href":"https:\/\/api.w.org\/{rel}","templated":true}]}}