{"id":59230,"date":"2024-11-18T19:41:20","date_gmt":"2024-11-18T23:41:20","guid":{"rendered":"https:\/\/www.brazilianpress.com\/v1\/?p=59230"},"modified":"2024-11-18T19:41:20","modified_gmt":"2024-11-18T23:41:20","slug":"principe-harry-deve-permanecer-vivendo-nos-eua-apesar-das-ameacas-de-donald-trumo","status":"publish","type":"post","link":"https:\/\/www.brazilianpress.com\/v1\/2024\/11\/18\/principe-harry-deve-permanecer-vivendo-nos-eua-apesar-das-ameacas-de-donald-trumo\/","title":{"rendered":"Pr\u00edncipe Harry deve permanecer vivendo nos EUA, apesar das amea\u00e7as de Donald Trumo"},"content":{"rendered":"<p><strong>O pr\u00edncipe Harry pode ter sua perman\u00eancia nos Estados Unidos garantida, mesmo com a nova administra\u00e7\u00e3o de Donald Trump, segundo um especialista em direito que falou sobre assunto no jornal The Times of India. Essa decis\u00e3o, se tomada, seria vista como um gesto de boa vontade em rela\u00e7\u00e3o \u00e0 fam\u00edlia real brit\u00e2nica, especialmente ao rei Charles III.<\/strong><\/p>\n<p>A quest\u00e3o da imigra\u00e7\u00e3o dever\u00e1 ser um dos focos principais do governo Trump, que se comprometeu a refor\u00e7ar as leis de imigra\u00e7\u00e3o e a seguran\u00e7a nas fronteiras. Michael Wildes, um advogado que j\u00e1 prestou servi\u00e7os \u00e0 fam\u00edlia Trump, sugere que o ex-presidente pode optar por n\u00e3o deportar Harry.<\/p>\n<p><img src=\"https:\/\/d.newsweek.com\/en\/full\/2430034\/prince-harry-donald-trump.jpg\" alt=\"Prince Harry Got 'Hit in the Teeth' by Award Backlash but Trump 'Saved Him'  - Newsweek\" \/><\/p>\n<p>Essa possibilidade ganhou destaque ap\u00f3s a recente vit\u00f3ria de Trump nas elei\u00e7\u00f5es de 2024. O pr\u00edncipe, que reside na Calif\u00f3rnia h\u00e1 quatro anos, enfrentou incertezas sobre sua situa\u00e7\u00e3o migrat\u00f3ria, especialmente ap\u00f3s declara\u00e7\u00f5es pol\u00eamicas em seu livro de mem\u00f3rias. A controv\u00e9rsia em torno da perman\u00eancia de Harry nos EUA foi intensificada ap\u00f3s a publica\u00e7\u00e3o de \u201cO que sobra\u201d, em 2023. O conte\u00fado do livro levantou quest\u00f5es sobre a veracidade de seu pedido de visto, levando a Heritage Foundation a exigir a divulga\u00e7\u00e3o dos detalhes relacionados \u00e0 sua solicita\u00e7\u00e3o de resid\u00eancia.<\/p>\n<p>\/\/ Fonte: Jovem Pan.<\/p>\n","protected":false},"excerpt":{"rendered":"<p>O pr\u00edncipe Harry pode ter sua perman\u00eancia nos Estados Unidos garantida, mesmo com a nova administra\u00e7\u00e3o de Donald Trump, segundo um especialista em direito que falou sobre assunto no jornal The Times of India. Essa decis\u00e3o, se tomada, seria vista como um gesto de boa vontade em rela\u00e7\u00e3o \u00e0 fam\u00edlia real brit\u00e2nica, especialmente ao rei Charles III. A quest\u00e3o da imigra\u00e7\u00e3o dever\u00e1 ser um dos focos principais do governo Trump, que se comprometeu a refor\u00e7ar as leis de imigra\u00e7\u00e3o e a seguran\u00e7a nas fronteiras. Michael Wildes, um advogado que j\u00e1 prestou servi\u00e7os \u00e0 fam\u00edlia Trump, sugere que o ex-presidente pode [&hellip;]<\/p>\n","protected":false},"author":1,"featured_media":59231,"comment_status":"open","ping_status":"closed","sticky":false,"template":"","format":"standard","meta":{"_links_to":"","_links_to_target":""},"categories":[3,1,10],"tags":[],"views":702,"_links":{"self":[{"href":"https:\/\/www.brazilianpress.com\/v1\/wp-json\/wp\/v2\/posts\/59230"}],"collection":[{"href":"https:\/\/www.brazilianpress.com\/v1\/wp-json\/wp\/v2\/posts"}],"about":[{"href":"https:\/\/www.brazilianpress.com\/v1\/wp-json\/wp\/v2\/types\/post"}],"author":[{"embeddable":true,"href":"https:\/\/www.brazilianpress.com\/v1\/wp-json\/wp\/v2\/users\/1"}],"replies":[{"embeddable":true,"href":"https:\/\/www.brazilianpress.com\/v1\/wp-json\/wp\/v2\/comments?post=59230"}],"version-history":[{"count":1,"href":"https:\/\/www.brazilianpress.com\/v1\/wp-json\/wp\/v2\/posts\/59230\/revisions"}],"predecessor-version":[{"id":59232,"href":"https:\/\/www.brazilianpress.com\/v1\/wp-json\/wp\/v2\/posts\/59230\/revisions\/59232"}],"wp:featuredmedia":[{"embeddable":true,"href":"https:\/\/www.brazilianpress.com\/v1\/wp-json\/wp\/v2\/media\/59231"}],"wp:attachment":[{"href":"https:\/\/www.brazilianpress.com\/v1\/wp-json\/wp\/v2\/media?parent=59230"}],"wp:term":[{"taxonomy":"category","embeddable":true,"href":"https:\/\/www.brazilianpress.com\/v1\/wp-json\/wp\/v2\/categories?post=59230"},{"taxonomy":"post_tag","embeddable":true,"href":"https:\/\/www.brazilianpress.com\/v1\/wp-json\/wp\/v2\/tags?post=59230"}],"curies":[{"name":"wp","href":"https:\/\/api.w.org\/{rel}","templated":true}]}}