{"id":59233,"date":"2024-11-19T13:38:23","date_gmt":"2024-11-19T17:38:23","guid":{"rendered":"https:\/\/www.brazilianpress.com\/v1\/?p=59233"},"modified":"2024-11-19T13:38:23","modified_gmt":"2024-11-19T17:38:23","slug":"presidente-eleito-donald-trump-confirma-planos-de-usar-militares-em-deportacoes-em-massa","status":"publish","type":"post","link":"https:\/\/www.brazilianpress.com\/v1\/2024\/11\/19\/presidente-eleito-donald-trump-confirma-planos-de-usar-militares-em-deportacoes-em-massa\/","title":{"rendered":"Presidente eleito Donald Trump confirma planos de usar militares em deporta\u00e7\u00f5es em massa"},"content":{"rendered":"<p><strong>O presidente eleito dos Estados Unidos, Donald Trump (Republicanos), confirmou em publica\u00e7\u00e3o nas redes sociais na \u00faltima 2\u00aa feira (18.nov.2024) que pretende declarar emerg\u00eancia nacional e utilizar o ex\u00e9rcito para cumprir a promessa eleitoral de deporta\u00e7\u00e3o em massa de imigrantes ilegais.<\/strong><\/p>\n<p>Trump respondeu, na sua plataforma Truth Social, uma publica\u00e7\u00e3o feita pelo l\u00edder do grupo conservador Judicial Watch, Tom Fitton, na qual sugeria que o novo governo declararia emerg\u00eancia nacional e utilizaria recursos militares para implementa\u00e7\u00e3o do programa de deporta\u00e7\u00e3o em massa. O republicano republicou a postagem de Fitton, escrevendo \u201cVERDADEIRO!!!\u201d.<\/p>\n<p><img src=\"https:\/\/static.poder360.com.br\/2024\/11\/trump-truth-social-18-nov.jpg\" \/><\/p>\n<p>O Congresso dos EUA j\u00e1 concedeu anteriormente um amplo poder para declarar emerg\u00eancias nacionais, facilitando o uso de recursos e redirecionando reservas que haviam sido destinados para outros prop\u00f3sitos. No 1\u00ba governo de Trump, o republicano usou esse tipo de poder para conseguir mais recursos na constru\u00e7\u00e3o de um muro na fronteira com o M\u00e9xico.<\/p>\n<p>Durante a campanha eleitoral, o principal conselheiro de imigra\u00e7\u00e3o de Donald Trump, Stephen Miller, disse ao jornal The New York Times que os recursos militares seriam utilizados para construir \u201cvastas instala\u00e7\u00f5es de deten\u00e7\u00e3o que funcionariam como centros de estadiamento\u201d para imigrantes indocumentados. As instala\u00e7\u00f5es seriam administradas pelo Departamento de Seguran\u00e7a Interna, de acordo com Miller. Um dos impedimentos para a realiza\u00e7\u00e3o do plano de deporta\u00e7\u00e3o em massa prometido por Trump durante a campanha seria a falta de espa\u00e7o para deten\u00e7\u00e3o de in\u00fameros imigrantes ilegais na ag\u00eancia de Imigra\u00e7\u00e3o e Alf\u00e2ndega dos EUA, conhecida como ICE.<\/p>\n","protected":false},"excerpt":{"rendered":"<p>O presidente eleito dos Estados Unidos, Donald Trump (Republicanos), confirmou em publica\u00e7\u00e3o nas redes sociais na \u00faltima 2\u00aa feira (18.nov.2024) que pretende declarar emerg\u00eancia nacional e utilizar o ex\u00e9rcito para cumprir a promessa eleitoral de deporta\u00e7\u00e3o em massa de imigrantes ilegais. Trump respondeu, na sua plataforma Truth Social, uma publica\u00e7\u00e3o feita pelo l\u00edder do grupo conservador Judicial Watch, Tom Fitton, na qual sugeria que o novo governo declararia emerg\u00eancia nacional e utilizaria recursos militares para implementa\u00e7\u00e3o do programa de deporta\u00e7\u00e3o em massa. O republicano republicou a postagem de Fitton, escrevendo \u201cVERDADEIRO!!!\u201d. O Congresso dos EUA j\u00e1 concedeu anteriormente um amplo [&hellip;]<\/p>\n","protected":false},"author":1,"featured_media":59234,"comment_status":"open","ping_status":"closed","sticky":false,"template":"","format":"standard","meta":{"_links_to":"","_links_to_target":""},"categories":[3,1,10],"tags":[],"views":757,"_links":{"self":[{"href":"https:\/\/www.brazilianpress.com\/v1\/wp-json\/wp\/v2\/posts\/59233"}],"collection":[{"href":"https:\/\/www.brazilianpress.com\/v1\/wp-json\/wp\/v2\/posts"}],"about":[{"href":"https:\/\/www.brazilianpress.com\/v1\/wp-json\/wp\/v2\/types\/post"}],"author":[{"embeddable":true,"href":"https:\/\/www.brazilianpress.com\/v1\/wp-json\/wp\/v2\/users\/1"}],"replies":[{"embeddable":true,"href":"https:\/\/www.brazilianpress.com\/v1\/wp-json\/wp\/v2\/comments?post=59233"}],"version-history":[{"count":1,"href":"https:\/\/www.brazilianpress.com\/v1\/wp-json\/wp\/v2\/posts\/59233\/revisions"}],"predecessor-version":[{"id":59235,"href":"https:\/\/www.brazilianpress.com\/v1\/wp-json\/wp\/v2\/posts\/59233\/revisions\/59235"}],"wp:featuredmedia":[{"embeddable":true,"href":"https:\/\/www.brazilianpress.com\/v1\/wp-json\/wp\/v2\/media\/59234"}],"wp:attachment":[{"href":"https:\/\/www.brazilianpress.com\/v1\/wp-json\/wp\/v2\/media?parent=59233"}],"wp:term":[{"taxonomy":"category","embeddable":true,"href":"https:\/\/www.brazilianpress.com\/v1\/wp-json\/wp\/v2\/categories?post=59233"},{"taxonomy":"post_tag","embeddable":true,"href":"https:\/\/www.brazilianpress.com\/v1\/wp-json\/wp\/v2\/tags?post=59233"}],"curies":[{"name":"wp","href":"https:\/\/api.w.org\/{rel}","templated":true}]}}