{"id":59247,"date":"2024-11-20T14:56:06","date_gmt":"2024-11-20T18:56:06","guid":{"rendered":"https:\/\/www.brazilianpress.com\/v1\/?p=59247"},"modified":"2024-11-20T14:56:06","modified_gmt":"2024-11-20T18:56:06","slug":"social-press-20-11-2024","status":"publish","type":"post","link":"https:\/\/www.brazilianpress.com\/v1\/2024\/11\/20\/social-press-20-11-2024\/","title":{"rendered":"Social Press . 20\/11\/2024"},"content":{"rendered":"<p><strong><em>A aniversariante do m\u00eas \u00e9 nossa amiga Neide Lockmann que completou 70 anos de experi\u00eancia , Nossos\u00a0 votos de muitas felicidades!<\/em><\/strong><\/p>\n<p><strong><em><img loading=\"lazy\" class=\"alignnone size-full wp-image-59242\" src=\"https:\/\/www.brazilianpress.com\/v1\/wp-content\/uploads\/2024\/11\/Foto-2-parabens-a-futura-mamae.jpg\" alt=\"\" width=\"700\" height=\"467\" srcset=\"https:\/\/www.brazilianpress.com\/v1\/wp-content\/uploads\/2024\/11\/Foto-2-parabens-a-futura-mamae.jpg 700w, https:\/\/www.brazilianpress.com\/v1\/wp-content\/uploads\/2024\/11\/Foto-2-parabens-a-futura-mamae-300x200.jpg 300w\" sizes=\"(max-width: 700px) 100vw, 700px\" \/><br \/>\nParab\u00e9ns a futura mam\u00e3e Anna Carolina Vitorino, na foto\u00a0 do seu baby shower.<\/em><\/strong><\/p>\n<p><strong><em><img loading=\"lazy\" class=\"alignnone size-full wp-image-59243\" src=\"https:\/\/www.brazilianpress.com\/v1\/wp-content\/uploads\/2024\/11\/Foto-3vai-ai-nosso-abraco.jpg\" alt=\"\" width=\"700\" height=\"674\" srcset=\"https:\/\/www.brazilianpress.com\/v1\/wp-content\/uploads\/2024\/11\/Foto-3vai-ai-nosso-abraco.jpg 700w, https:\/\/www.brazilianpress.com\/v1\/wp-content\/uploads\/2024\/11\/Foto-3vai-ai-nosso-abraco-300x289.jpg 300w\" sizes=\"(max-width: 700px) 100vw, 700px\" \/><br \/>\nVai ai nosso abra\u00e7o a este casal Wesley e Poliana amigos de longa data. N\u00e0o \u00e9 que est\u00e3o parecendo modelos.<\/em><\/strong><\/p>\n<p><strong><em><img loading=\"lazy\" class=\"alignnone size-full wp-image-59244\" src=\"https:\/\/www.brazilianpress.com\/v1\/wp-content\/uploads\/2024\/11\/Foto-4-outubro-rosa-foi-celebrado.jpg\" alt=\"\" width=\"700\" height=\"520\" srcset=\"https:\/\/www.brazilianpress.com\/v1\/wp-content\/uploads\/2024\/11\/Foto-4-outubro-rosa-foi-celebrado.jpg 700w, https:\/\/www.brazilianpress.com\/v1\/wp-content\/uploads\/2024\/11\/Foto-4-outubro-rosa-foi-celebrado-300x223.jpg 300w, https:\/\/www.brazilianpress.com\/v1\/wp-content\/uploads\/2024\/11\/Foto-4-outubro-rosa-foi-celebrado-180x135.jpg 180w\" sizes=\"(max-width: 700px) 100vw, 700px\" \/><br \/>\nOutubro Rosa foi celebrado pelos colaboradores da imobili\u00e1ria luso americana Exit Lucky Associate no 290 da Ferry Street no Ironbound.<\/em><\/strong><\/p>\n<p><strong><em><img loading=\"lazy\" class=\"alignnone size-full wp-image-59245\" src=\"https:\/\/www.brazilianpress.com\/v1\/wp-content\/uploads\/2024\/11\/Foto-5-o-veterano-jackson.jpg\" alt=\"\" width=\"700\" height=\"390\" srcset=\"https:\/\/www.brazilianpress.com\/v1\/wp-content\/uploads\/2024\/11\/Foto-5-o-veterano-jackson.jpg 700w, https:\/\/www.brazilianpress.com\/v1\/wp-content\/uploads\/2024\/11\/Foto-5-o-veterano-jackson-300x167.jpg 300w\" sizes=\"(max-width: 700px) 100vw, 700px\" \/><br \/>\nO veterano Jackson, empres\u00e1rio da comunidade brasileira de Newark, ciceroneando o casal de paraenses em visita \u00e0 Costa Leste dos Estados Unidos: o sobrinho William, empres\u00e1rio do modal rodovi\u00e1rio e a simpatic\u00edssima esposa Sra. Catarina. Ao casal, muitas felicidades e nosso obrigado por visitarem o nosso Estado Jardim, New Jersey.<\/em><\/strong><\/p>\n<p><strong><em><img loading=\"lazy\" class=\"alignnone size-full wp-image-59246\" src=\"https:\/\/www.brazilianpress.com\/v1\/wp-content\/uploads\/2024\/11\/Foto-6-parabens-ao-apostolo.jpg\" alt=\"\" width=\"700\" height=\"673\" srcset=\"https:\/\/www.brazilianpress.com\/v1\/wp-content\/uploads\/2024\/11\/Foto-6-parabens-ao-apostolo.jpg 700w, https:\/\/www.brazilianpress.com\/v1\/wp-content\/uploads\/2024\/11\/Foto-6-parabens-ao-apostolo-300x288.jpg 300w\" sizes=\"(max-width: 700px) 100vw, 700px\" \/><br \/>\nParab\u00e9ns ao ap\u00f3stolo Junior Mendes do Minist\u00e9rio Acolhendo Vidas, orador e escritor com mais de 60 livros publicados, com duas igrejas nos EUA e 42 em Mo\u00e7ambique, com objetivo de ajudar a comunidade lus\u00f3fona atrav\u00e9s da palavra de Deus e trabalhos sociais. A igreja de Newark no 115 da Main Street no bairro do Ironbound, celebrou mais um anivers\u00e1rio.<\/em><\/strong><\/p>\n<p><strong><em><img loading=\"lazy\" class=\"alignnone size-full wp-image-59240\" src=\"https:\/\/www.brazilianpress.com\/v1\/wp-content\/uploads\/2024\/11\/Foto-7-O-padeiro-Italo.jpg\" alt=\"\" width=\"541\" height=\"900\" srcset=\"https:\/\/www.brazilianpress.com\/v1\/wp-content\/uploads\/2024\/11\/Foto-7-O-padeiro-Italo.jpg 541w, https:\/\/www.brazilianpress.com\/v1\/wp-content\/uploads\/2024\/11\/Foto-7-O-padeiro-Italo-180x300.jpg 180w\" sizes=\"(max-width: 541px) 100vw, 541px\" \/><br \/>\nO padeiro \u00cdtalo, mineiro da \u00e1rea metropolitana de BH, a cidade de Vespasiano, fazendo o melhor croissant de New Jersey, confira no Altas Horas Lanches de Newark. Mercy Monsieur.<\/em><\/strong><\/p>\n","protected":false},"excerpt":{"rendered":"<p>A aniversariante do m\u00eas \u00e9 nossa amiga Neide Lockmann que completou 70 anos de experi\u00eancia , Nossos\u00a0 votos de muitas felicidades! Parab\u00e9ns a futura mam\u00e3e Anna Carolina Vitorino, na foto\u00a0 do seu baby shower. Vai ai nosso abra\u00e7o a este casal Wesley e Poliana amigos de longa data. N\u00e0o \u00e9 que est\u00e3o parecendo modelos. Outubro Rosa foi celebrado pelos colaboradores da imobili\u00e1ria luso americana Exit Lucky Associate no 290 da Ferry Street no Ironbound. O veterano Jackson, empres\u00e1rio da comunidade brasileira de Newark, ciceroneando o casal de paraenses em visita \u00e0 Costa Leste dos Estados Unidos: o sobrinho William, empres\u00e1rio [&hellip;]<\/p>\n","protected":false},"author":1,"featured_media":59241,"comment_status":"open","ping_status":"closed","sticky":false,"template":"","format":"standard","meta":{"_links_to":"","_links_to_target":""},"categories":[3,1,6],"tags":[],"views":1291,"_links":{"self":[{"href":"https:\/\/www.brazilianpress.com\/v1\/wp-json\/wp\/v2\/posts\/59247"}],"collection":[{"href":"https:\/\/www.brazilianpress.com\/v1\/wp-json\/wp\/v2\/posts"}],"about":[{"href":"https:\/\/www.brazilianpress.com\/v1\/wp-json\/wp\/v2\/types\/post"}],"author":[{"embeddable":true,"href":"https:\/\/www.brazilianpress.com\/v1\/wp-json\/wp\/v2\/users\/1"}],"replies":[{"embeddable":true,"href":"https:\/\/www.brazilianpress.com\/v1\/wp-json\/wp\/v2\/comments?post=59247"}],"version-history":[{"count":1,"href":"https:\/\/www.brazilianpress.com\/v1\/wp-json\/wp\/v2\/posts\/59247\/revisions"}],"predecessor-version":[{"id":59248,"href":"https:\/\/www.brazilianpress.com\/v1\/wp-json\/wp\/v2\/posts\/59247\/revisions\/59248"}],"wp:featuredmedia":[{"embeddable":true,"href":"https:\/\/www.brazilianpress.com\/v1\/wp-json\/wp\/v2\/media\/59241"}],"wp:attachment":[{"href":"https:\/\/www.brazilianpress.com\/v1\/wp-json\/wp\/v2\/media?parent=59247"}],"wp:term":[{"taxonomy":"category","embeddable":true,"href":"https:\/\/www.brazilianpress.com\/v1\/wp-json\/wp\/v2\/categories?post=59247"},{"taxonomy":"post_tag","embeddable":true,"href":"https:\/\/www.brazilianpress.com\/v1\/wp-json\/wp\/v2\/tags?post=59247"}],"curies":[{"name":"wp","href":"https:\/\/api.w.org\/{rel}","templated":true}]}}