{"id":59333,"date":"2024-11-26T13:58:56","date_gmt":"2024-11-26T17:58:56","guid":{"rendered":"https:\/\/www.brazilianpress.com\/v1\/?p=59333"},"modified":"2024-11-26T14:01:01","modified_gmt":"2024-11-26T18:01:01","slug":"presidente-do-mexico-alerta-trump-que-imposicao-de-tarifas-nao-impedira-imigracao-e-drogas-nos-eua","status":"publish","type":"post","link":"https:\/\/www.brazilianpress.com\/v1\/2024\/11\/26\/presidente-do-mexico-alerta-trump-que-imposicao-de-tarifas-nao-impedira-imigracao-e-drogas-nos-eua\/","title":{"rendered":"Presidente do M\u00e9xico alerta Trump que imposi\u00e7\u00e3o de tarifas n\u00e3o impedir\u00e1 imigra\u00e7\u00e3o e drogas nos EUA"},"content":{"rendered":"<p><strong>A presidente do M\u00e9xico, Claudia Sheinbaum, alertou Donald Trump nesta ter\u00e7a-feira, 26, que novas tarifas n\u00e3o impedir\u00e3o a migra\u00e7\u00e3o irregular ou o consumo de drogas nos Estados Unidos, depois de o presidente eleito ter amea\u00e7ado impor tarifas de 25% sobre as importa\u00e7\u00f5es mexicanas.<\/strong><\/p>\n<p>&#8220;Presidente Trump, n\u00e3o \u00e9 com amea\u00e7as ou tarifas que voc\u00ea vai parar o fen\u00f4meno da imigra\u00e7\u00e3o, nem o consumo de drogas nos Estados Unidos&#8221;, disse a presidente eleita este ano ao ler uma carta que enviar\u00e1 nesta ter\u00e7a-feira ao presidente eleito e na qual tamb\u00e9m prop\u00f5e iniciar um di\u00e1logo. O pr\u00f3ximo presidente americano anunciou na segunda-feira que impor\u00e1 tarifas de 25% sobre as importa\u00e7\u00f5es do M\u00e9xico e do Canad\u00e1 at\u00e9 que a &#8220;invas\u00e3o&#8221; de drogas e &#8220;imigrantes ilegais&#8221; seja interrompida, e um adicional de 10% sobre as j\u00e1 existentes sobre produtos procedentes da China.<\/p>\n<p>Em sua rede Truth Social, ele deixou claro que n\u00e3o haver\u00e1 car\u00eancia, mas que as medidas come\u00e7ar\u00e3o assim que retornar \u00e0 Casa Branca, no dia 20 de janeiro.Sheinbaum insiste na carta que &#8220;coopera\u00e7\u00e3o e compreens\u00e3o rec\u00edproca&#8221; s\u00e3o necess\u00e1rias para resolver tais problemas e explica que a aplica\u00e7\u00e3o de uma tarifa for\u00e7aria o M\u00e9xico a responder da mesma forma &#8220;at\u00e9 colocarmos em risco neg\u00f3cios comuns&#8221;. Como exemplo, cita os casos de montadoras como General Motors, Stellantis e Ford, que operam no M\u00e9xico h\u00e1 80 anos e cuja atividade beneficia os dois pa\u00edses.<\/p>\n<p>&#8220;Por que lan\u00e7ar um imposto que as coloca em risco? N\u00e3o \u00e9 aceit\u00e1vel e causaria infla\u00e7\u00e3o e perda de empregos nos Estados Unidos e no M\u00e9xico&#8221;, acrescenta a presidente mexicana na carta. Ela argumenta que a for\u00e7a econ\u00f4mica da Am\u00e9rica do Norte reside na &#8220;manuten\u00e7\u00e3o da nossa parceria comercial&#8221; e que o di\u00e1logo \u00e9 o melhor caminho para o entendimento entre os dois pa\u00edses. &#8220;Espero que nossas equipes possam se encontrar em breve&#8221;, acrescenta. &#8220;Vamos enviar esta carta hoje (ter\u00e7a-feira) e, como podem ver, estamos propondo um di\u00e1logo com a equipe do presidente Trump&#8221;, acrescentou Sheinbaum durante a sua habitual coletiva de imprensa matinal.<\/p>\n","protected":false},"excerpt":{"rendered":"<p>A presidente do M\u00e9xico, Claudia Sheinbaum, alertou Donald Trump nesta ter\u00e7a-feira, 26, que novas tarifas n\u00e3o impedir\u00e3o a migra\u00e7\u00e3o irregular ou o consumo de drogas nos Estados Unidos, depois de o presidente eleito ter amea\u00e7ado impor tarifas de 25% sobre as importa\u00e7\u00f5es mexicanas. &#8220;Presidente Trump, n\u00e3o \u00e9 com amea\u00e7as ou tarifas que voc\u00ea vai parar o fen\u00f4meno da imigra\u00e7\u00e3o, nem o consumo de drogas nos Estados Unidos&#8221;, disse a presidente eleita este ano ao ler uma carta que enviar\u00e1 nesta ter\u00e7a-feira ao presidente eleito e na qual tamb\u00e9m prop\u00f5e iniciar um di\u00e1logo. O pr\u00f3ximo presidente americano anunciou na segunda-feira que [&hellip;]<\/p>\n","protected":false},"author":1,"featured_media":59334,"comment_status":"open","ping_status":"closed","sticky":false,"template":"","format":"standard","meta":{"_links_to":"","_links_to_target":""},"categories":[3,8,1],"tags":[],"views":1025,"_links":{"self":[{"href":"https:\/\/www.brazilianpress.com\/v1\/wp-json\/wp\/v2\/posts\/59333"}],"collection":[{"href":"https:\/\/www.brazilianpress.com\/v1\/wp-json\/wp\/v2\/posts"}],"about":[{"href":"https:\/\/www.brazilianpress.com\/v1\/wp-json\/wp\/v2\/types\/post"}],"author":[{"embeddable":true,"href":"https:\/\/www.brazilianpress.com\/v1\/wp-json\/wp\/v2\/users\/1"}],"replies":[{"embeddable":true,"href":"https:\/\/www.brazilianpress.com\/v1\/wp-json\/wp\/v2\/comments?post=59333"}],"version-history":[{"count":1,"href":"https:\/\/www.brazilianpress.com\/v1\/wp-json\/wp\/v2\/posts\/59333\/revisions"}],"predecessor-version":[{"id":59335,"href":"https:\/\/www.brazilianpress.com\/v1\/wp-json\/wp\/v2\/posts\/59333\/revisions\/59335"}],"wp:featuredmedia":[{"embeddable":true,"href":"https:\/\/www.brazilianpress.com\/v1\/wp-json\/wp\/v2\/media\/59334"}],"wp:attachment":[{"href":"https:\/\/www.brazilianpress.com\/v1\/wp-json\/wp\/v2\/media?parent=59333"}],"wp:term":[{"taxonomy":"category","embeddable":true,"href":"https:\/\/www.brazilianpress.com\/v1\/wp-json\/wp\/v2\/categories?post=59333"},{"taxonomy":"post_tag","embeddable":true,"href":"https:\/\/www.brazilianpress.com\/v1\/wp-json\/wp\/v2\/tags?post=59333"}],"curies":[{"name":"wp","href":"https:\/\/api.w.org\/{rel}","templated":true}]}}