{"id":59387,"date":"2024-12-05T10:40:02","date_gmt":"2024-12-05T14:40:02","guid":{"rendered":"https:\/\/www.brazilianpress.com\/v1\/?p=59387"},"modified":"2024-12-05T10:40:02","modified_gmt":"2024-12-05T14:40:02","slug":"coalizao-de-imigrantes-de-new-york-cita-formas-dos-requerentes-de-asilo-permanecer-legalmente-nos-eua-antes-da-posse-de-trump","status":"publish","type":"post","link":"https:\/\/www.brazilianpress.com\/v1\/2024\/12\/05\/coalizao-de-imigrantes-de-new-york-cita-formas-dos-requerentes-de-asilo-permanecer-legalmente-nos-eua-antes-da-posse-de-trump\/","title":{"rendered":"Coaliz\u00e3o de Imigrantes de New York cita formas dos requerentes de asilo permanecer legalmente nos EUA antes da posse de Trump"},"content":{"rendered":"<p><strong>Antes da tomada de posse do Presidente eleito Donald Trump, uma organiza\u00e7\u00e3o que defende os requerentes de asilo insta os benefici\u00e1rios deste ajustamento imigrat\u00f3rio a agirem. O pedido \u00e9 agir agora para manter a situa\u00e7\u00e3o jur\u00eddica no pa\u00eds enquanto h\u00e1 uma decis\u00e3o final sobre cada caso.<\/strong><\/p>\n<p>\u201cSabemos que durante a administra\u00e7\u00e3o Trump o processo de asilo n\u00e3o s\u00f3 se tornar\u00e1 mais dif\u00edcil, mas poder\u00e1 haver certas mudan\u00e7as diretamente em quem se qualifica e quem n\u00e3o se qualifica\u201d, disse o advogado de imigra\u00e7\u00e3o Haim V\u00e1squez. Diante deste cen\u00e1rio, a Coaliz\u00e3o de Imigrantes de New York afirma que h\u00e1 quatro a\u00e7\u00f5es que os benefici\u00e1rios de asilo devem realizar antes de 20 de janeiro, quando Trump tomar posse.<\/p>\n<p>Entre elas, solicitar autoriza\u00e7\u00e3o de trabalho, mesmo que n\u00e3o pretenda trabalhar. Al\u00e9m disso, renove sua autoriza\u00e7\u00e3o de trabalho, se tiver uma por dois anos que expire antes de 2028. \u201cO servi\u00e7o de imigra\u00e7\u00e3o tem uma regra que determina que as autoriza\u00e7\u00f5es de trabalho n\u00e3o devem ser renovadas se n\u00e3o tiverem pelo menos seis meses antes de expirarem\u201d, acrescentou V\u00e1squez. Al\u00e9m disso, as pessoas eleg\u00edveis podem considerar solicitar o Estatuto de Prote\u00e7\u00e3o Tempor\u00e1ria (TPS), al\u00e9m do asilo.<\/p>\n<p>\u201cO TPS da Venezuela ainda est\u00e1 em vigor e as pessoas que entraram no pa\u00eds antes de 31 de julho de 2023 e atendem aos demais requisitos poder\u00e3o ser eleg\u00edveis e dever\u00e3o faz\u00ea-lo o mais r\u00e1pido poss\u00edvel\u201d, disse o advogado. E se voc\u00ea for eleg\u00edvel, tamb\u00e9m deve considerar solicitar outro status de imigra\u00e7\u00e3o, al\u00e9m do asilo. \u201c\u00c9 preciso avaliar quais outras op\u00e7\u00f5es est\u00e3o presentes. Por exemplo, no caso dos cubanos e a possibilidade de ajuste cubano, e de outros grupos e outras possibilidades, seja para vistos de trabalho ou de casamento\u201d, disse o advogado.<\/p>\n<p>Os especialistas jur\u00eddicos concordam que estas a\u00e7\u00f5es podem fazer uma grande diferen\u00e7a. \u201cNeste momento \u00e9 importante n\u00e3o apenas focar na possibilidade de asilo, mas fazer uma avalia\u00e7\u00e3o global de quais outras possibilidades de imigra\u00e7\u00e3o est\u00e3o presentes\u201d, disse V\u00e1squez. Todas essas s\u00e3o a\u00e7\u00f5es necess\u00e1rias, segundo o advogado, diante da incerteza e de uma poss\u00edvel deporta\u00e7\u00e3o. Em meio \u00e0 incerteza que muitos imigrantes enfrentam, \u00e9 importante consultar um advogado de imigra\u00e7\u00e3o para encontrar a melhor op\u00e7\u00e3o.<\/p>\n","protected":false},"excerpt":{"rendered":"<p>Antes da tomada de posse do Presidente eleito Donald Trump, uma organiza\u00e7\u00e3o que defende os requerentes de asilo insta os benefici\u00e1rios deste ajustamento imigrat\u00f3rio a agirem. O pedido \u00e9 agir agora para manter a situa\u00e7\u00e3o jur\u00eddica no pa\u00eds enquanto h\u00e1 uma decis\u00e3o final sobre cada caso. \u201cSabemos que durante a administra\u00e7\u00e3o Trump o processo de asilo n\u00e3o s\u00f3 se tornar\u00e1 mais dif\u00edcil, mas poder\u00e1 haver certas mudan\u00e7as diretamente em quem se qualifica e quem n\u00e3o se qualifica\u201d, disse o advogado de imigra\u00e7\u00e3o Haim V\u00e1squez. Diante deste cen\u00e1rio, a Coaliz\u00e3o de Imigrantes de New York afirma que h\u00e1 quatro a\u00e7\u00f5es que [&hellip;]<\/p>\n","protected":false},"author":1,"featured_media":59388,"comment_status":"open","ping_status":"closed","sticky":false,"template":"","format":"standard","meta":{"_links_to":"","_links_to_target":""},"categories":[4,3,1],"tags":[],"views":1085,"_links":{"self":[{"href":"https:\/\/www.brazilianpress.com\/v1\/wp-json\/wp\/v2\/posts\/59387"}],"collection":[{"href":"https:\/\/www.brazilianpress.com\/v1\/wp-json\/wp\/v2\/posts"}],"about":[{"href":"https:\/\/www.brazilianpress.com\/v1\/wp-json\/wp\/v2\/types\/post"}],"author":[{"embeddable":true,"href":"https:\/\/www.brazilianpress.com\/v1\/wp-json\/wp\/v2\/users\/1"}],"replies":[{"embeddable":true,"href":"https:\/\/www.brazilianpress.com\/v1\/wp-json\/wp\/v2\/comments?post=59387"}],"version-history":[{"count":1,"href":"https:\/\/www.brazilianpress.com\/v1\/wp-json\/wp\/v2\/posts\/59387\/revisions"}],"predecessor-version":[{"id":59389,"href":"https:\/\/www.brazilianpress.com\/v1\/wp-json\/wp\/v2\/posts\/59387\/revisions\/59389"}],"wp:featuredmedia":[{"embeddable":true,"href":"https:\/\/www.brazilianpress.com\/v1\/wp-json\/wp\/v2\/media\/59388"}],"wp:attachment":[{"href":"https:\/\/www.brazilianpress.com\/v1\/wp-json\/wp\/v2\/media?parent=59387"}],"wp:term":[{"taxonomy":"category","embeddable":true,"href":"https:\/\/www.brazilianpress.com\/v1\/wp-json\/wp\/v2\/categories?post=59387"},{"taxonomy":"post_tag","embeddable":true,"href":"https:\/\/www.brazilianpress.com\/v1\/wp-json\/wp\/v2\/tags?post=59387"}],"curies":[{"name":"wp","href":"https:\/\/api.w.org\/{rel}","templated":true}]}}