{"id":59397,"date":"2024-12-07T11:05:37","date_gmt":"2024-12-07T15:05:37","guid":{"rendered":"https:\/\/www.brazilianpress.com\/v1\/?p=59397"},"modified":"2024-12-07T11:05:37","modified_gmt":"2024-12-07T15:05:37","slug":"imigrantes-sob-tensao-medo-e-estrategias-em-meio-a-promessa-de-trump-sobre-deportacao-em-massa-nos-eua","status":"publish","type":"post","link":"https:\/\/www.brazilianpress.com\/v1\/2024\/12\/07\/imigrantes-sob-tensao-medo-e-estrategias-em-meio-a-promessa-de-trump-sobre-deportacao-em-massa-nos-eua\/","title":{"rendered":"Imigrantes sob tens\u00e3o: Medo e estrat\u00e9gias em meio \u00e0 promessa de Trump sobre deporta\u00e7\u00e3o em massa nos EUA"},"content":{"rendered":"<p><strong>Com a posse iminente de Donald Trump para um segundo mandato presidencial nos Estados Unidos, a tens\u00e3o entre comunidades de imigrantes cresce a cada dia. O ex-presidente prometeu liderar a maior campanha de deporta\u00e7\u00e3o da hist\u00f3ria do pa\u00eds, um esfor\u00e7o que poderia atingir at\u00e9 20 milh\u00f5es de pessoas, segundo estimativas. A promessa acendeu o alerta entre fam\u00edlias em situa\u00e7\u00f5es migrat\u00f3rias variadas, que agora buscam formas de se preparar para um futuro incerto.<\/strong><\/p>\n<p>&#8220;Existe muito medo, muita preocupa\u00e7\u00e3o&#8221;, afirma Lizeth Chac\u00f3n, diretora do Workers Defense Project, no Texas. Ativistas e advogados especializados em imigra\u00e7\u00e3o relatam um aumento expressivo na busca por informa\u00e7\u00f5es legais, workshops e estrat\u00e9gias para lidar com poss\u00edveis deten\u00e7\u00f5es. &#8220;Nossa comunidade precisa se planejar&#8221;, acrescenta Chac\u00f3n.<\/p>\n<p><img loading=\"lazy\" class=\"alignnone size-full wp-image-59391\" src=\"https:\/\/www.brazilianpress.com\/v1\/wp-content\/uploads\/2024\/12\/caravana-imigrantes-mexico-eua-ilegais-indocumentados.jpg\" alt=\"\" width=\"700\" height=\"421\" srcset=\"https:\/\/www.brazilianpress.com\/v1\/wp-content\/uploads\/2024\/12\/caravana-imigrantes-mexico-eua-ilegais-indocumentados.jpg 700w, https:\/\/www.brazilianpress.com\/v1\/wp-content\/uploads\/2024\/12\/caravana-imigrantes-mexico-eua-ilegais-indocumentados-300x180.jpg 300w\" sizes=\"(max-width: 700px) 100vw, 700px\" \/><\/p>\n<p><strong>Estrat\u00e9gias de sobreviv\u00eancia e medo constante<\/strong><\/p>\n<p>Nos sub\u00farbios de Milwaukee, Yvonne Sanchez, cidad\u00e3 americana, vive o dilema de proteger sua fam\u00edlia. Seu marido, um imigrante mexicano que est\u00e1 no pa\u00eds h\u00e1 quase 30 anos, \u00e9 o principal provedor da casa, mas sua situa\u00e7\u00e3o irregular o torna vulner\u00e1vel a uma eventual deporta\u00e7\u00e3o. Sanchez come\u00e7ou a reunir documentos e preparar os filhos para o caso de serem separados. &#8220;Ser\u00e1 que devo simplesmente dar adeus ao meu marido?&#8221;, questiona ela, revelando a ang\u00fastia de milhares de outras fam\u00edlias.<\/p>\n<p>A situa\u00e7\u00e3o \u00e9 agravada pela incerteza. Alguns imigrantes acreditam que n\u00e3o ser\u00e3o alvos por n\u00e3o terem antecedentes criminais, enquanto outros preferem se preparar para o pior. Em f\u00f3runs e redes sociais, surgem redes de apoio que compartilham informa\u00e7\u00f5es e estrat\u00e9gias, em uma esp\u00e9cie de &#8220;rota clandestina virtual&#8221; inspirada na hist\u00f3rica Underground Railroad.<\/p>\n<p><strong>Impactos das pol\u00edticas e a resposta comunit\u00e1ria<\/strong><\/p>\n<p>Durante seu primeiro mandato, Trump deportou cerca de 325 mil pessoas, um n\u00famero que, embora significativo, n\u00e3o chega perto das dimens\u00f5es prometidas agora. Ainda assim, seus aliados garantem que a nova administra\u00e7\u00e3o est\u00e1 determinada a agir em larga escala. &#8220;O presidente Trump recebeu um mandato para p\u00f4r fim \u00e0 invas\u00e3o de imigrantes ilegais&#8221;, declarou Karoline Leavitt, porta-voz da equipe de transi\u00e7\u00e3o.<\/p>\n<p>Cidad\u00e3os americanos, portadores de green cards e benefici\u00e1rios de prote\u00e7\u00f5es tempor\u00e1rias tamb\u00e9m est\u00e3o em alerta. &#8220;At\u00e9 mesmo aqueles que t\u00eam status legal est\u00e3o com medo de que sua legitimidade seja contestada&#8221;, diz Lily Axelrod, advogada de imigra\u00e7\u00e3o no Tennessee. Ela recomenda que todos coloquem &#8220;os neg\u00f3cios em ordem&#8221;, assegurando a documenta\u00e7\u00e3o necess\u00e1ria para casos de emerg\u00eancia.<\/p>\n<p><strong>Humanidade e esperan\u00e7a em meio \u00e0 crise<\/strong><\/p>\n<p>A hist\u00f3ria de Kateryna Kyrylova, uma refugiada ucraniana que chegou aos EUA pelo programa humanit\u00e1rio do governo Biden, ilustra a complexidade do cen\u00e1rio. Fugindo da guerra em Mariupol, ela encontrou ref\u00fagio em San Antonio, mas teme perder as prote\u00e7\u00f5es tempor\u00e1rias sob a nova administra\u00e7\u00e3o. &#8220;S\u00f3 quero uma chance de viver minha vida&#8221;, diz Kyrylova, que trabalha ajudando outros refugiados.<\/p>\n<p>Com o rel\u00f3gio correndo at\u00e9 a posse, as comunidades imigrantes nos EUA vivem dias de medo, resist\u00eancia e solidariedade. Para muitos, a promessa de uma vida melhor est\u00e1 sendo desafiada por uma onda de incertezas e pela necessidade de lutar por seu lugar em um pa\u00eds que, ao mesmo tempo, lhes oferece oportunidades e amea\u00e7a tir\u00e1-las.<\/p>\n","protected":false},"excerpt":{"rendered":"<p>Com a posse iminente de Donald Trump para um segundo mandato presidencial nos Estados Unidos, a tens\u00e3o entre comunidades de imigrantes cresce a cada dia. O ex-presidente prometeu liderar a maior campanha de deporta\u00e7\u00e3o da hist\u00f3ria do pa\u00eds, um esfor\u00e7o que poderia atingir at\u00e9 20 milh\u00f5es de pessoas, segundo estimativas. A promessa acendeu o alerta entre fam\u00edlias em situa\u00e7\u00f5es migrat\u00f3rias variadas, que agora buscam formas de se preparar para um futuro incerto. &#8220;Existe muito medo, muita preocupa\u00e7\u00e3o&#8221;, afirma Lizeth Chac\u00f3n, diretora do Workers Defense Project, no Texas. Ativistas e advogados especializados em imigra\u00e7\u00e3o relatam um aumento expressivo na busca por [&hellip;]<\/p>\n","protected":false},"author":1,"featured_media":59398,"comment_status":"open","ping_status":"closed","sticky":false,"template":"","format":"standard","meta":{"_links_to":"","_links_to_target":""},"categories":[3,1,10],"tags":[],"views":828,"_links":{"self":[{"href":"https:\/\/www.brazilianpress.com\/v1\/wp-json\/wp\/v2\/posts\/59397"}],"collection":[{"href":"https:\/\/www.brazilianpress.com\/v1\/wp-json\/wp\/v2\/posts"}],"about":[{"href":"https:\/\/www.brazilianpress.com\/v1\/wp-json\/wp\/v2\/types\/post"}],"author":[{"embeddable":true,"href":"https:\/\/www.brazilianpress.com\/v1\/wp-json\/wp\/v2\/users\/1"}],"replies":[{"embeddable":true,"href":"https:\/\/www.brazilianpress.com\/v1\/wp-json\/wp\/v2\/comments?post=59397"}],"version-history":[{"count":1,"href":"https:\/\/www.brazilianpress.com\/v1\/wp-json\/wp\/v2\/posts\/59397\/revisions"}],"predecessor-version":[{"id":59399,"href":"https:\/\/www.brazilianpress.com\/v1\/wp-json\/wp\/v2\/posts\/59397\/revisions\/59399"}],"wp:featuredmedia":[{"embeddable":true,"href":"https:\/\/www.brazilianpress.com\/v1\/wp-json\/wp\/v2\/media\/59398"}],"wp:attachment":[{"href":"https:\/\/www.brazilianpress.com\/v1\/wp-json\/wp\/v2\/media?parent=59397"}],"wp:term":[{"taxonomy":"category","embeddable":true,"href":"https:\/\/www.brazilianpress.com\/v1\/wp-json\/wp\/v2\/categories?post=59397"},{"taxonomy":"post_tag","embeddable":true,"href":"https:\/\/www.brazilianpress.com\/v1\/wp-json\/wp\/v2\/tags?post=59397"}],"curies":[{"name":"wp","href":"https:\/\/api.w.org\/{rel}","templated":true}]}}