{"id":59430,"date":"2024-12-12T10:32:03","date_gmt":"2024-12-12T14:32:03","guid":{"rendered":"https:\/\/www.brazilianpress.com\/v1\/?p=59430"},"modified":"2024-12-12T10:32:03","modified_gmt":"2024-12-12T14:32:03","slug":"trump-alerta-que-policiais-do-ice-terao-autorizacao-para-prender-imigrantes-alojados-em-igrejas-escolas-e-hospitais","status":"publish","type":"post","link":"https:\/\/www.brazilianpress.com\/v1\/2024\/12\/12\/trump-alerta-que-policiais-do-ice-terao-autorizacao-para-prender-imigrantes-alojados-em-igrejas-escolas-e-hospitais\/","title":{"rendered":"Trump alerta que policiais do ICE ter\u00e3o autoriza\u00e7\u00e3o para prender imigrantes alojados em igrejas, escolas e hospitais"},"content":{"rendered":"<p><strong>A nova administra\u00e7\u00e3o Trump pretende rescindir uma pol\u00edtica de longa data que tem impedido os agentes da Imigra\u00e7\u00e3o e da Alf\u00e2ndega de deter imigrantes em ou perto dos chamados locais sens\u00edveis, como locais religiosos, escolas e hospitais, ou eventos como funerais, casamentos e manifesta\u00e7\u00f5es p\u00fablicas sem aprova\u00e7\u00e3o dos supervisores, segundo tr\u00eas fontes familiarizadas com o plano.<\/strong><\/p>\n<p>O presidente eleito planeja rescindir a pol\u00edtica logo no seu primeiro dia no cargo, disseram as fontes \u2013 que falaram sob condi\u00e7\u00e3o de anonimato porque n\u00e3o est\u00e3o autorizados a discutir a mudan\u00e7a publicamente.<\/p>\n<p>A medida teria como objetivo aumentar a autoridade do ICE para deter migrantes em todo o pa\u00eds, e a sua rapidez em faz\u00ea-lo, como parte do plano de Trump para realizar o que ele disse querer ser a \u201cmaior opera\u00e7\u00e3o de deporta\u00e7\u00e3o da hist\u00f3ria\u201d dos Estados Unidos&#8221;.<\/p>\n<p>A pol\u00edtica que impede os agentes de efetuar deten\u00e7\u00f5es em locais sens\u00edveis sem aprova\u00e7\u00e3o come\u00e7ou em 2011 com um memorando enviado pelo ent\u00e3o Diretor do ICE, John Morton, e continuou durante as primeiras administra\u00e7\u00f5es Trump e Biden. O seu objetivo era permitir que os imigrantes indocumentados operassem livremente em certas \u00e1reas p\u00fablicas com a ideia de que isso acabaria por benefici\u00e1-los n\u00e3o s\u00f3, mas tamb\u00e9m \u00e0 comunidade em geral.<\/p>\n<p>De acordo com esta pol\u00edtica, os agentes do ICE foram autorizados a entrar em locais sens\u00edveis para fazer pris\u00f5es sob certas condi\u00e7\u00f5es, incluindo uma quest\u00e3o de seguran\u00e7a nacional ou terrorista, a pris\u00e3o de um criminoso considerado perigoso ou se houvesse um risco iminente de morte ou dano f\u00edsico. uma pessoa ou propriedade ou preocupa\u00e7\u00e3o de que as provas ser\u00e3o destru\u00eddas em uma investiga\u00e7\u00e3o criminal.<\/p>\n<p>Mas mesmo quando essas circunst\u00e2ncias se verificavam, os agentes tinham de obter a aprova\u00e7\u00e3o dos seus superiores para fazer uma deten\u00e7\u00e3o num local sens\u00edvel. Tamb\u00e9m podiam efetuar uma deten\u00e7\u00e3o em circunst\u00e2ncias urgentes quando considerassem que era necess\u00e1ria uma a\u00e7\u00e3o imediata, mas depois tinham de consultar os seus superiores.<\/p>\n<p>A ideia de que Trump poderia permitir que agentes do ICE prendessem em qualquer lugar, inclusive dentro de escolas e locais de culto, sem as limita\u00e7\u00f5es atuais, come\u00e7ou a circular no Projeto 2025, uma lista de propostas pol\u00edticas distribu\u00edda pela Heritage Foundation antes das elei\u00e7\u00f5es.<\/p>\n<p>Alguns l\u00edderes religiosos dizem que enfrentaram ass\u00e9dio por oferecerem espa\u00e7os de santu\u00e1rio aos migrantes e j\u00e1 est\u00e3o conversando sobre as repercuss\u00f5es de uma mudan\u00e7a pol\u00edtica em locais sens\u00edveis.<\/p>\n<p>Um ex-funcion\u00e1rio do DHS disse que a mudan\u00e7a na pol\u00edtica de locais sens\u00edveis pode ser uma boa not\u00edcia para alguns agentes que se sentiram frustrados por restri\u00e7\u00f5es sobre onde podem operar e sentiram que a pol\u00edtica foi \u201cabusada\u201d por indiv\u00edduos procurados no passado.<\/p>\n<p>Embora a mudan\u00e7a tenha implica\u00e7\u00f5es mais amplas, poder\u00e1 significar o fim da hist\u00f3ria dos imigrantes\u00a0que procuraram prote\u00e7\u00e3o contra a deporta\u00e7\u00e3o, por vezes durante anos, vivendo em locais sens\u00edveis como igrejas. Em 2019, havia pelo menos 46 imigrantes alojados em igrejas em 15 estados, de acordo com a Church World Service, uma organiza\u00e7\u00e3o religiosa que rastreou o n\u00famero de pessoas que procuram ref\u00fagio nos EUA.<\/p>\n","protected":false},"excerpt":{"rendered":"<p>A nova administra\u00e7\u00e3o Trump pretende rescindir uma pol\u00edtica de longa data que tem impedido os agentes da Imigra\u00e7\u00e3o e da Alf\u00e2ndega de deter imigrantes em ou perto dos chamados locais sens\u00edveis, como locais religiosos, escolas e hospitais, ou eventos como funerais, casamentos e manifesta\u00e7\u00f5es p\u00fablicas sem aprova\u00e7\u00e3o dos supervisores, segundo tr\u00eas fontes familiarizadas com o plano. O presidente eleito planeja rescindir a pol\u00edtica logo no seu primeiro dia no cargo, disseram as fontes \u2013 que falaram sob condi\u00e7\u00e3o de anonimato porque n\u00e3o est\u00e3o autorizados a discutir a mudan\u00e7a publicamente. A medida teria como objetivo aumentar a autoridade do ICE para [&hellip;]<\/p>\n","protected":false},"author":1,"featured_media":59432,"comment_status":"open","ping_status":"closed","sticky":false,"template":"","format":"standard","meta":{"_links_to":"","_links_to_target":""},"categories":[4,3,1],"tags":[],"views":1353,"_links":{"self":[{"href":"https:\/\/www.brazilianpress.com\/v1\/wp-json\/wp\/v2\/posts\/59430"}],"collection":[{"href":"https:\/\/www.brazilianpress.com\/v1\/wp-json\/wp\/v2\/posts"}],"about":[{"href":"https:\/\/www.brazilianpress.com\/v1\/wp-json\/wp\/v2\/types\/post"}],"author":[{"embeddable":true,"href":"https:\/\/www.brazilianpress.com\/v1\/wp-json\/wp\/v2\/users\/1"}],"replies":[{"embeddable":true,"href":"https:\/\/www.brazilianpress.com\/v1\/wp-json\/wp\/v2\/comments?post=59430"}],"version-history":[{"count":1,"href":"https:\/\/www.brazilianpress.com\/v1\/wp-json\/wp\/v2\/posts\/59430\/revisions"}],"predecessor-version":[{"id":59433,"href":"https:\/\/www.brazilianpress.com\/v1\/wp-json\/wp\/v2\/posts\/59430\/revisions\/59433"}],"wp:featuredmedia":[{"embeddable":true,"href":"https:\/\/www.brazilianpress.com\/v1\/wp-json\/wp\/v2\/media\/59432"}],"wp:attachment":[{"href":"https:\/\/www.brazilianpress.com\/v1\/wp-json\/wp\/v2\/media?parent=59430"}],"wp:term":[{"taxonomy":"category","embeddable":true,"href":"https:\/\/www.brazilianpress.com\/v1\/wp-json\/wp\/v2\/categories?post=59430"},{"taxonomy":"post_tag","embeddable":true,"href":"https:\/\/www.brazilianpress.com\/v1\/wp-json\/wp\/v2\/tags?post=59430"}],"curies":[{"name":"wp","href":"https:\/\/api.w.org\/{rel}","templated":true}]}}