{"id":59492,"date":"2024-12-18T13:25:37","date_gmt":"2024-12-18T17:25:37","guid":{"rendered":"https:\/\/www.brazilianpress.com\/v1\/?p=59492"},"modified":"2024-12-18T13:25:37","modified_gmt":"2024-12-18T17:25:37","slug":"prefeito-da-cidade-de-ny-diz-que-podera-cooperar-para-deportar-imigrantes-criminosos","status":"publish","type":"post","link":"https:\/\/www.brazilianpress.com\/v1\/2024\/12\/18\/prefeito-da-cidade-de-ny-diz-que-podera-cooperar-para-deportar-imigrantes-criminosos\/","title":{"rendered":"Prefeito da cidade de NY diz que poder\u00e1 cooperar para deportar imigrantes criminosos"},"content":{"rendered":"<p><strong>Eric Adams, prefeito de cidade de New York, realizou na quinta-feira a reuni\u00e3o solicitada por Tom Homan, nomeado eleito por Trump como czar da fronteira, na qual deixou claro que ambos concordaram em \u201cir atr\u00e1s dos imigrantes que cometem crimes&#8221; e que a cidade cooperar\u00e1 para deport\u00e1-los.<\/strong><\/p>\n<p>\u201cN\u00e3o seremos um ref\u00fagio para aqueles que cometem crimes contra imigrantes inocentes e nova-iorquinos. Essa foi a minha conversa com o czar da fronteira, para descobrir como perseguir aqueles indiv\u00edduos que cometem crimes repetidamente em nossa cidade, &#8221; ele disse.<\/p>\n<p>A coletiva de imprensa foi realizada apenas pelo prefeito, apesar de ter sido indicado que Homan participaria com ele, o que pode significar que talvez n\u00e3o houvesse total harmonia em seus pontos de vista.<\/p>\n<p>Adams, um democrata, j\u00e1 havia indicado, assim como a governadora Kathy Hochul, que n\u00e3o quer quem comete crimes na cidade, e come\u00e7ou a se aproximar do presidente eleito, o republicano Donald Trump, com quem manteve conversas e expressou seu desejo de cooperar com a nova administra\u00e7\u00e3o.<\/p>\n<p>Para esse objetivo comum, disse Adams, sua equipe jur\u00eddica est\u00e1 examinando o alcance de seus poderes executivos como prefeito para poder cooperar com os agentes de imigra\u00e7\u00e3o e assim contornar o status de New York como uma \u201ccidade santu\u00e1rio\u201d que, em teoria, n\u00e3o permite que ag\u00eancias governamentais colaborem. com as autoridades de imigra\u00e7\u00e3o.<\/p>\n<p>New York recebeu mais de 200 mil imigrantes de v\u00e1rias partes do mundo, na sua maioria venezuelanos, nos \u00faltimos dois anos, aos quais foram oferecidos diversos servi\u00e7os, desde abrigo, refei\u00e7\u00f5es, servi\u00e7os de sa\u00fade e assist\u00eancia jur\u00eddica, bem como educa\u00e7\u00e3o para os seus filhos, que foi criticado por Trump.<\/p>\n<p>O prefeito tamb\u00e9m deixou uma mensagem aos indocumentados, assustados com a pol\u00edtica de deporta\u00e7\u00f5es em massa que Trump disse que implementar\u00e1 desde que tomar posse, em 20 de janeiro: \u201cVamos dizer a quem est\u00e1 aqui que respeita a lei, que continuem a utilizar os servi\u00e7os da cidade, a educar os seus filhos, a utilizar os cuidados de sa\u00fade, a prote\u00e7\u00e3o p\u00fablica e as coisas das quais nos orgulhamos h\u00e1 muito tempo&#8221;, disse ele.<\/p>\n<p>\u201cMas, reiterou, n\u00e3o seremos um porto seguro para quem comete atos violentos. N\u00e3o o fazemos por quem \u00e9 cidad\u00e3o e n\u00e3o o faremos por quem n\u00e3o tem documentos\u201d.<\/p>\n<p>Adams ficou satisfeito com o encontro com Homan. \u201cO que ouvi \u00e9 que temos o mesmo desejo de perseguir aqueles que cometem atos violentos e fiquei feliz porque partilhamos o mesmo desejo. O objetivo deles \u00e9 o mesmo que o meu\u201d, disse.<\/p>\n<p>Homan, que tamb\u00e9m foi respons\u00e1vel pelas deporta\u00e7\u00f5es durante a presid\u00eancia de Barack Obama, ir\u00e1 dirigir a maior opera\u00e7\u00e3o de deporta\u00e7\u00e3o j\u00e1 realizada nos Estados Unidos, segundo disse Trump, e o czar designado j\u00e1 adiantou que ter\u00e1 in\u00edcio em Chicago no dia 21 de janeiro.<\/p>\n","protected":false},"excerpt":{"rendered":"<p>Eric Adams, prefeito de cidade de New York, realizou na quinta-feira a reuni\u00e3o solicitada por Tom Homan, nomeado eleito por Trump como czar da fronteira, na qual deixou claro que ambos concordaram em \u201cir atr\u00e1s dos imigrantes que cometem crimes&#8221; e que a cidade cooperar\u00e1 para deport\u00e1-los. \u201cN\u00e3o seremos um ref\u00fagio para aqueles que cometem crimes contra imigrantes inocentes e nova-iorquinos. Essa foi a minha conversa com o czar da fronteira, para descobrir como perseguir aqueles indiv\u00edduos que cometem crimes repetidamente em nossa cidade, &#8221; ele disse. A coletiva de imprensa foi realizada apenas pelo prefeito, apesar de ter sido [&hellip;]<\/p>\n","protected":false},"author":1,"featured_media":59493,"comment_status":"open","ping_status":"closed","sticky":false,"template":"","format":"standard","meta":{"_links_to":"","_links_to_target":""},"categories":[3,1,10],"tags":[],"views":857,"_links":{"self":[{"href":"https:\/\/www.brazilianpress.com\/v1\/wp-json\/wp\/v2\/posts\/59492"}],"collection":[{"href":"https:\/\/www.brazilianpress.com\/v1\/wp-json\/wp\/v2\/posts"}],"about":[{"href":"https:\/\/www.brazilianpress.com\/v1\/wp-json\/wp\/v2\/types\/post"}],"author":[{"embeddable":true,"href":"https:\/\/www.brazilianpress.com\/v1\/wp-json\/wp\/v2\/users\/1"}],"replies":[{"embeddable":true,"href":"https:\/\/www.brazilianpress.com\/v1\/wp-json\/wp\/v2\/comments?post=59492"}],"version-history":[{"count":1,"href":"https:\/\/www.brazilianpress.com\/v1\/wp-json\/wp\/v2\/posts\/59492\/revisions"}],"predecessor-version":[{"id":59494,"href":"https:\/\/www.brazilianpress.com\/v1\/wp-json\/wp\/v2\/posts\/59492\/revisions\/59494"}],"wp:featuredmedia":[{"embeddable":true,"href":"https:\/\/www.brazilianpress.com\/v1\/wp-json\/wp\/v2\/media\/59493"}],"wp:attachment":[{"href":"https:\/\/www.brazilianpress.com\/v1\/wp-json\/wp\/v2\/media?parent=59492"}],"wp:term":[{"taxonomy":"category","embeddable":true,"href":"https:\/\/www.brazilianpress.com\/v1\/wp-json\/wp\/v2\/categories?post=59492"},{"taxonomy":"post_tag","embeddable":true,"href":"https:\/\/www.brazilianpress.com\/v1\/wp-json\/wp\/v2\/tags?post=59492"}],"curies":[{"name":"wp","href":"https:\/\/api.w.org\/{rel}","templated":true}]}}