{"id":59495,"date":"2024-12-19T20:47:57","date_gmt":"2024-12-20T00:47:57","guid":{"rendered":"https:\/\/www.brazilianpress.com\/v1\/?p=59495"},"modified":"2024-12-19T20:47:57","modified_gmt":"2024-12-20T00:47:57","slug":"alem-de-everson-atletico-mg-tem-mais-dois-titulares-com-contrato-se-encerrando-no-fim-de-2025","status":"publish","type":"post","link":"https:\/\/www.brazilianpress.com\/v1\/2024\/12\/19\/alem-de-everson-atletico-mg-tem-mais-dois-titulares-com-contrato-se-encerrando-no-fim-de-2025\/","title":{"rendered":"Al\u00e9m de Everson, Atl\u00e9tico-MG tem mais dois titulares com contrato se encerrando no fim de 2025"},"content":{"rendered":"<p><strong>O\u00a0Atl\u00e9tico-MG\u00a0tem situa\u00e7\u00f5es no atual elenco para definir ainda em rela\u00e7\u00e3o a jogadores titulares. Al\u00e9m de Everson, outros dois titulares t\u00eam contrato se encerrando no pr\u00f3ximo ano. Battaglia e Zaracho. Saravia \u00e9 outro jogador do elenco com contrato at\u00e9 o fim de 2025.<\/strong><\/p>\n<p>Everson tem despertado interesse no Bahia, que chegou a fazer uma proposta pelo goleiro. Assim como o camisa 22, os argentinos Battaglia e Zaracho podem assinar pr\u00e9-contrato no meio do ano que vem. O meia chegou ao Galo em 2020.<\/p>\n<p>O Galo tenta a renova\u00e7\u00e3o com Zaracho desde o meio desse ano. O clube ainda n\u00e3o chegou a um denominador comum com o staff do jogador e ainda segue as tratativas. Em abril, o diretor de futebol do Atl\u00e9tico, Victor Bagy, revelou que, ao ir \u00e0 Argentina para fechar a contrata\u00e7\u00e3o de Gabriel Milito, realizou conversas com o empres\u00e1rio do meia alvinegro.<\/p>\n<p>&#8211; \u00c9 um atleta importante. A gente sabe da din\u00e2mica, da capacidade, o que ele representa para a equipe. J\u00e1 tivemos uma conversa com seu representante no mesmo dia que fomos \u00e0 Argentina para falar com o Milito, aproveitamos para essa aproxima\u00e7\u00e3o. Tanto o clube quanto o atleta existe o interesse em fazer essa extens\u00e3o de contrato.<\/p>\n<p>J\u00e1 Battaglia chegou ao clube mineiro em 2023. O v\u00ednculo era de uma temporada e acabou sendo renovado at\u00e9 o fim de 2025. O jogador conquistou espa\u00e7o e se tornou pe\u00e7a titular na equipe desde a temporada passada.<\/p>\n<p>Com Gabriel Milito no comando, passou a jogar de zagueiro ao inv\u00e9s de volante. Se firmou na equipe titular e foi um dos atletas que mais jogou na temporada. O Galo ainda negocia a renova\u00e7\u00e3o.<\/p>\n<p>Outros nomes importantes t\u00eam contratos mais longos. Hulk e Paulinho t\u00eam v\u00ednculo at\u00e9 o fim de 2026, Scarpa, Fausto Vera, Guilherme Arana, Rubens at\u00e9 o fim de 2027. Igor Rabello e Maur\u00edcio Lemos t\u00eam contrato at\u00e9 o fim de 2025, mas podem ser negociados e deixar o Galo ainda nesta janela.<\/p>\n","protected":false},"excerpt":{"rendered":"<p>O\u00a0Atl\u00e9tico-MG\u00a0tem situa\u00e7\u00f5es no atual elenco para definir ainda em rela\u00e7\u00e3o a jogadores titulares. Al\u00e9m de Everson, outros dois titulares t\u00eam contrato se encerrando no pr\u00f3ximo ano. Battaglia e Zaracho. Saravia \u00e9 outro jogador do elenco com contrato at\u00e9 o fim de 2025. Everson tem despertado interesse no Bahia, que chegou a fazer uma proposta pelo goleiro. Assim como o camisa 22, os argentinos Battaglia e Zaracho podem assinar pr\u00e9-contrato no meio do ano que vem. O meia chegou ao Galo em 2020. O Galo tenta a renova\u00e7\u00e3o com Zaracho desde o meio desse ano. O clube ainda n\u00e3o chegou a [&hellip;]<\/p>\n","protected":false},"author":1,"featured_media":59496,"comment_status":"open","ping_status":"closed","sticky":false,"template":"","format":"standard","meta":{"_links_to":"","_links_to_target":""},"categories":[9,1],"tags":[],"views":953,"_links":{"self":[{"href":"https:\/\/www.brazilianpress.com\/v1\/wp-json\/wp\/v2\/posts\/59495"}],"collection":[{"href":"https:\/\/www.brazilianpress.com\/v1\/wp-json\/wp\/v2\/posts"}],"about":[{"href":"https:\/\/www.brazilianpress.com\/v1\/wp-json\/wp\/v2\/types\/post"}],"author":[{"embeddable":true,"href":"https:\/\/www.brazilianpress.com\/v1\/wp-json\/wp\/v2\/users\/1"}],"replies":[{"embeddable":true,"href":"https:\/\/www.brazilianpress.com\/v1\/wp-json\/wp\/v2\/comments?post=59495"}],"version-history":[{"count":1,"href":"https:\/\/www.brazilianpress.com\/v1\/wp-json\/wp\/v2\/posts\/59495\/revisions"}],"predecessor-version":[{"id":59497,"href":"https:\/\/www.brazilianpress.com\/v1\/wp-json\/wp\/v2\/posts\/59495\/revisions\/59497"}],"wp:featuredmedia":[{"embeddable":true,"href":"https:\/\/www.brazilianpress.com\/v1\/wp-json\/wp\/v2\/media\/59496"}],"wp:attachment":[{"href":"https:\/\/www.brazilianpress.com\/v1\/wp-json\/wp\/v2\/media?parent=59495"}],"wp:term":[{"taxonomy":"category","embeddable":true,"href":"https:\/\/www.brazilianpress.com\/v1\/wp-json\/wp\/v2\/categories?post=59495"},{"taxonomy":"post_tag","embeddable":true,"href":"https:\/\/www.brazilianpress.com\/v1\/wp-json\/wp\/v2\/tags?post=59495"}],"curies":[{"name":"wp","href":"https:\/\/api.w.org\/{rel}","templated":true}]}}