{"id":59501,"date":"2024-12-19T20:51:53","date_gmt":"2024-12-20T00:51:53","guid":{"rendered":"https:\/\/www.brazilianpress.com\/v1\/?p=59501"},"modified":"2024-12-19T20:51:53","modified_gmt":"2024-12-20T00:51:53","slug":"desde-outubro-congo-registrou-doenca-misteriosa-com-400-casos","status":"publish","type":"post","link":"https:\/\/www.brazilianpress.com\/v1\/2024\/12\/19\/desde-outubro-congo-registrou-doenca-misteriosa-com-400-casos\/","title":{"rendered":"Desde outubro Congo registrou doen\u00e7a misteriosa com 400 casos"},"content":{"rendered":"<p><strong>Desde outubro, a Rep\u00fablica Democr\u00e1tica do Congo registrou 406 casos e 31 \u00f3bitos decorrentes de uma doen\u00e7a desconhecida, segundo a Organiza\u00e7\u00e3o Mundial da Sa\u00fade (OMS). A maioria dos casos relatados \u00e9 entre crian\u00e7as, principalmente aquelas com menos cinco anos.<\/strong><\/p>\n<p>No \u00faltimo dia 6, a OMS emitiu um comunicado afirmando que est\u00e1 enviando especialistas para apoiar as autoridades de sa\u00fade congolesas para realizar mais investiga\u00e7\u00f5es, e relatou que testes laboratoriais est\u00e3o sendo realizados para determinar a causa da doen\u00e7a. A equipe \u00e9 composta por epidemiologistas, cl\u00ednicos, t\u00e9cnicos de laborat\u00f3rio e especialistas em preven\u00e7\u00e3o e controle de infec\u00e7\u00f5es e comunica\u00e7\u00e3o de risco.<\/p>\n<p>Os casos da doen\u00e7a n\u00e3o diagnosticada foram registrados em novembro na\u00a0zona de sa\u00fade de Panzi, na prov\u00edncia de Kwango, na Rep\u00fablica Democr\u00e1tica do Congo, de acordo com a OMS.<\/p>\n<p>Os casos relatados tiveram um pico na semana epidemiol\u00f3gica 45 (entre 3 e 9 de novembro de 2024). Por\u00e9m, o surto continua em andamento.<\/p>\n<p>Desde ent\u00e3o, foram notificados casos em nove das 30 \u00e1reas de sa\u00fade da zona sanit\u00e1ria de Panzi: Kahumbulu, Kambandambi, Kanzangi, Kasanji, Kiama, Mbanza Kipungu, Makitapanzi, Mwini ngulu e Tsakala Panzi. A maioria dos casos (95,8%) \u00e9 notificada nas \u00e1reas de sa\u00fade de Tsakala Panzi (169), Makitapanzi (142) e Kanzangi (78), ainda segundo a OMS.<\/p>\n<p>Os pacientes afetados com a doen\u00e7a apresentaram sintomas como: febre, tosse, fadiga e coriza. Nos casos mais graves, os pacientes apresentaram dificuldade para respirar, anemia e sinais de desnutri\u00e7\u00e3o aguda.<\/p>\n<p>Diante disso, os testes laboratoriais realizados na regi\u00e3o servem para descartar uma s\u00e9rie de doen\u00e7as que apresentam sintomas semelhantes, como sarampo,\u00a0gripe, pneumonia aguda, s\u00edndrome hemol\u00edtica-ur\u00eamica de E. coli,\u00a0Covid-19\u00a0e mal\u00e1ria, entre outras.<\/p>\n<p>At\u00e9 o momento, foram registrados 406 casos da doen\u00e7a, com 31 mortes confirmadas. Isso equivale a uma\u00a0taxa de letalidade de 7,6%, segundo a OMS. Para efeito de compara\u00e7\u00e3o, no in\u00edcio da pandemia de covid-19, em 2020,\u00a0a letalidade era entre 0,8% e 11%, de acordo com pesquisadores de Oxford.<\/p>\n<p>Medicamentos essenciais, kits de diagn\u00f3stico e coleta de amostras est\u00e3o sendo entregues pelos especialistas enviados \u00e0 Rep\u00fablica Democr\u00e1tica do Congo para analisar e determinar rapidamente a causa da doen\u00e7a.<\/p>\n<p>De acordo com a OMS, a\u00a0equipe se concentrar\u00e1 no fortalecimento das medidas de resposta, como investiga\u00e7\u00e3o epidemiol\u00f3gica e coleta de amostras para testes, busca ativa de casos, tratamento e atividades de conscientiza\u00e7\u00e3o p\u00fablica. A equipe tamb\u00e9m trabalhar\u00e1 com l\u00edderes comunit\u00e1rios para apoiar a vigil\u00e2ncia de doen\u00e7as e promover medidas para prevenir infec\u00e7\u00f5es e identificar e relatar novos casos.<\/p>\n<p>Por fim, a OMS est\u00e1 trabalhando para desenvolver mensagens-chave para aumentar a conscientiza\u00e7\u00e3o p\u00fablica e encorajar cuidados preventivos para a doen\u00e7a. Trabalhadores de sa\u00fade e de assist\u00eancia foram informados sobre o uso adequado de m\u00e1scaras, lavagem das m\u00e3os e luvas, para reduzir o risco de transmiss\u00e3o.<\/p>\n<p>De acordo com a OMS, o\u00a0risco da doen\u00e7a se espalhar nacionalmente \u00e9 considerado moderado, devido \u00e0 natureza localizada do surto dentro da zona de sa\u00fade de Panzi. No entanto, a entidade ressalta a necessidade de maior prepara\u00e7\u00e3o devido ao potencial de dissemina\u00e7\u00e3o para \u00e1reas vizinhas.<\/p>\n","protected":false},"excerpt":{"rendered":"<p>Desde outubro, a Rep\u00fablica Democr\u00e1tica do Congo registrou 406 casos e 31 \u00f3bitos decorrentes de uma doen\u00e7a desconhecida, segundo a Organiza\u00e7\u00e3o Mundial da Sa\u00fade (OMS). A maioria dos casos relatados \u00e9 entre crian\u00e7as, principalmente aquelas com menos cinco anos. No \u00faltimo dia 6, a OMS emitiu um comunicado afirmando que est\u00e1 enviando especialistas para apoiar as autoridades de sa\u00fade congolesas para realizar mais investiga\u00e7\u00f5es, e relatou que testes laboratoriais est\u00e3o sendo realizados para determinar a causa da doen\u00e7a. A equipe \u00e9 composta por epidemiologistas, cl\u00ednicos, t\u00e9cnicos de laborat\u00f3rio e especialistas em preven\u00e7\u00e3o e controle de infec\u00e7\u00f5es e comunica\u00e7\u00e3o de risco. [&hellip;]<\/p>\n","protected":false},"author":1,"featured_media":59502,"comment_status":"open","ping_status":"closed","sticky":false,"template":"","format":"standard","meta":{"_links_to":"","_links_to_target":""},"categories":[8,1],"tags":[],"views":938,"_links":{"self":[{"href":"https:\/\/www.brazilianpress.com\/v1\/wp-json\/wp\/v2\/posts\/59501"}],"collection":[{"href":"https:\/\/www.brazilianpress.com\/v1\/wp-json\/wp\/v2\/posts"}],"about":[{"href":"https:\/\/www.brazilianpress.com\/v1\/wp-json\/wp\/v2\/types\/post"}],"author":[{"embeddable":true,"href":"https:\/\/www.brazilianpress.com\/v1\/wp-json\/wp\/v2\/users\/1"}],"replies":[{"embeddable":true,"href":"https:\/\/www.brazilianpress.com\/v1\/wp-json\/wp\/v2\/comments?post=59501"}],"version-history":[{"count":1,"href":"https:\/\/www.brazilianpress.com\/v1\/wp-json\/wp\/v2\/posts\/59501\/revisions"}],"predecessor-version":[{"id":59503,"href":"https:\/\/www.brazilianpress.com\/v1\/wp-json\/wp\/v2\/posts\/59501\/revisions\/59503"}],"wp:featuredmedia":[{"embeddable":true,"href":"https:\/\/www.brazilianpress.com\/v1\/wp-json\/wp\/v2\/media\/59502"}],"wp:attachment":[{"href":"https:\/\/www.brazilianpress.com\/v1\/wp-json\/wp\/v2\/media?parent=59501"}],"wp:term":[{"taxonomy":"category","embeddable":true,"href":"https:\/\/www.brazilianpress.com\/v1\/wp-json\/wp\/v2\/categories?post=59501"},{"taxonomy":"post_tag","embeddable":true,"href":"https:\/\/www.brazilianpress.com\/v1\/wp-json\/wp\/v2\/tags?post=59501"}],"curies":[{"name":"wp","href":"https:\/\/api.w.org\/{rel}","templated":true}]}}