{"id":59504,"date":"2024-12-19T20:54:02","date_gmt":"2024-12-20T00:54:02","guid":{"rendered":"https:\/\/www.brazilianpress.com\/v1\/?p=59504"},"modified":"2024-12-19T20:54:02","modified_gmt":"2024-12-20T00:54:02","slug":"unica-brasileira-na-lista-das-100-mulheres-mais-poderosas-do-mundo-e-da-paraiba","status":"publish","type":"post","link":"https:\/\/www.brazilianpress.com\/v1\/2024\/12\/19\/unica-brasileira-na-lista-das-100-mulheres-mais-poderosas-do-mundo-e-da-paraiba\/","title":{"rendered":"\u00danica brasileira na lista das 100 mulheres mais poderosas do mundo \u00e9 da Para\u00edba"},"content":{"rendered":"<p><strong>A brasileira Tarciana Medeiros \u00e9 a \u00fanica brasileira presente na lista das 100 mulheres mais poderosas do mundo, divulgada anualmente pela revista Forbes. Pela segunda vez consecutiva, a presidente do Banco do Brasil aparece no ranking, dessa vez em 17\u00ba lugar. No ano passado ela esteve na 24\u00aa posi\u00e7\u00e3o.<\/strong><\/p>\n<p>A paraibana, de 45 anos, se formou em Administra\u00e7\u00e3o de Empresas, tem p\u00f3s-gradua\u00e7\u00e3o em Administra\u00e7\u00e3o, Neg\u00f3cios, Marketing, Lideran\u00e7a e Inova\u00e7\u00e3o e MBA em BI e Analytics.<\/p>\n<p>Antes de iniciar a carreira no Banco do Brasil, Tarciana foi feirante e professora. Entrou no BB h\u00e1 24 anos, onde foi gestora e, em 2023, se tornou a primeira CEO mulher da companhia.<\/p>\n<p>Nas redes sociais, a brasileira agradeceu o reconhecimento. \u201cAlegria e honra imensas por fazer parte pelo segundo ano consecutivo [&#8230;] S\u00f3 tenho a agradecer pelo reconhecimento. Destaco que n\u00e3o \u00e9 s\u00f3 meu. Ele pertence a todos os colegas e parceiros que fazem das estrat\u00e9gias e a\u00e7\u00f5es \u00e0 frente do BB realidades que transformam a vida de tantas comunidades no Brasil e no mundo\u201d, afirmou.<\/p>\n<p>A lista leva em conta l\u00edderes de diversos setores, como arte, pol\u00edtica, finan\u00e7as e tecnologia, e leva em conta quatro m\u00e9tricas: dinheiro, m\u00eddia, impacto e esferas de influ\u00eancia.<\/p>\n<p>O ranking \u00e9 liderado por Ursula von der Leyen, presidente da Comiss\u00e3o Europeia, pelo terceiro ano consecutivo. Christine Lagarde, presidente do Banco Central Eurpeu, ficou com o segundo lugar. Giorgia Meloni, primeira-ministra da It\u00e1lia, est\u00e1 em terceiro; Claudia Sheinbaum, presidente do M\u00e9xico, em quarto; e Mary Barra, Diretora executiva da General Motors, em quinto. A Forbes listou nomes tamb\u00e9m como Taylor Swift (23\u00ba lugar), Oprah Winfrey (33\u00ba) e Beyonc\u00e9 (35\u00ba).<\/p>\n","protected":false},"excerpt":{"rendered":"<p>A brasileira Tarciana Medeiros \u00e9 a \u00fanica brasileira presente na lista das 100 mulheres mais poderosas do mundo, divulgada anualmente pela revista Forbes. Pela segunda vez consecutiva, a presidente do Banco do Brasil aparece no ranking, dessa vez em 17\u00ba lugar. No ano passado ela esteve na 24\u00aa posi\u00e7\u00e3o. A paraibana, de 45 anos, se formou em Administra\u00e7\u00e3o de Empresas, tem p\u00f3s-gradua\u00e7\u00e3o em Administra\u00e7\u00e3o, Neg\u00f3cios, Marketing, Lideran\u00e7a e Inova\u00e7\u00e3o e MBA em BI e Analytics. Antes de iniciar a carreira no Banco do Brasil, Tarciana foi feirante e professora. Entrou no BB h\u00e1 24 anos, onde foi gestora e, em [&hellip;]<\/p>\n","protected":false},"author":1,"featured_media":59505,"comment_status":"open","ping_status":"closed","sticky":false,"template":"","format":"standard","meta":{"_links_to":"","_links_to_target":""},"categories":[7,1],"tags":[],"views":958,"_links":{"self":[{"href":"https:\/\/www.brazilianpress.com\/v1\/wp-json\/wp\/v2\/posts\/59504"}],"collection":[{"href":"https:\/\/www.brazilianpress.com\/v1\/wp-json\/wp\/v2\/posts"}],"about":[{"href":"https:\/\/www.brazilianpress.com\/v1\/wp-json\/wp\/v2\/types\/post"}],"author":[{"embeddable":true,"href":"https:\/\/www.brazilianpress.com\/v1\/wp-json\/wp\/v2\/users\/1"}],"replies":[{"embeddable":true,"href":"https:\/\/www.brazilianpress.com\/v1\/wp-json\/wp\/v2\/comments?post=59504"}],"version-history":[{"count":1,"href":"https:\/\/www.brazilianpress.com\/v1\/wp-json\/wp\/v2\/posts\/59504\/revisions"}],"predecessor-version":[{"id":59506,"href":"https:\/\/www.brazilianpress.com\/v1\/wp-json\/wp\/v2\/posts\/59504\/revisions\/59506"}],"wp:featuredmedia":[{"embeddable":true,"href":"https:\/\/www.brazilianpress.com\/v1\/wp-json\/wp\/v2\/media\/59505"}],"wp:attachment":[{"href":"https:\/\/www.brazilianpress.com\/v1\/wp-json\/wp\/v2\/media?parent=59504"}],"wp:term":[{"taxonomy":"category","embeddable":true,"href":"https:\/\/www.brazilianpress.com\/v1\/wp-json\/wp\/v2\/categories?post=59504"},{"taxonomy":"post_tag","embeddable":true,"href":"https:\/\/www.brazilianpress.com\/v1\/wp-json\/wp\/v2\/tags?post=59504"}],"curies":[{"name":"wp","href":"https:\/\/api.w.org\/{rel}","templated":true}]}}