{"id":59568,"date":"2024-12-30T12:45:36","date_gmt":"2024-12-30T16:45:36","guid":{"rendered":"https:\/\/www.brazilianpress.com\/v1\/?p=59568"},"modified":"2024-12-30T12:45:59","modified_gmt":"2024-12-30T16:45:59","slug":"tragedia-medica-brasileira-morre-durante-incendio-em-hotel-na-tailandia-poucos-dias-apos-ficar-noiva","status":"publish","type":"post","link":"https:\/\/www.brazilianpress.com\/v1\/2024\/12\/30\/tragedia-medica-brasileira-morre-durante-incendio-em-hotel-na-tailandia-poucos-dias-apos-ficar-noiva\/","title":{"rendered":"Trag\u00e9dia: M\u00e9dica brasileira morre durante inc\u00eandio em hotel na Tail\u00e2ndia, poucos dias ap\u00f3s ficar noiva"},"content":{"rendered":"<p><strong>Uma trag\u00e9dia na Tail\u00e2ndia tirou a vida da m\u00e9dica alagoana Carolina Canales, de 24 anos, ap\u00f3s um inc\u00eandio em um hotel na capital Bangkok. Outros dois turistas, um cidad\u00e3o ucraniano e um americano, tamb\u00e9m n\u00e3o resistiram ao incidente. A not\u00edcia abalou a comunidade alagoana e gerou como\u00e7\u00e3o nas redes sociais, onde amigos e familiares prestaram homenagens \u00e0 jovem m\u00e9dica.<\/strong><\/p>\n<p>Carolina estava no pa\u00eds asi\u00e1tico h\u00e1 pelo menos uma semana, acompanhada do noivo, Fernando Lages da Resurrei\u00e7\u00e3o. O casal celebrava o recente noivado, anunciado com alegria por Carolina em uma publica\u00e7\u00e3o no Instagram. \u201cSim!!! Mil vezes!!! Todos os dias da minha vida\u201d, escreveu ela, exibindo um anel ao lado de Fernando.<\/p>\n<p><img src=\"https:\/\/www.cnnbrasil.com.br\/wp-content\/uploads\/sites\/12\/2024\/12\/2024-12-30T063244Z_1_LOP998430122024RP1_RTRMADP_BASEIMAGE-960X540_THAILAND-FIRE-HOTEL.jpg\" alt=\"\" \/><\/p>\n<p>Fernando sobreviveu ao inc\u00eandio, mas informa\u00e7\u00f5es sobre seu estado de sa\u00fade ainda n\u00e3o foram divulgadas. Segundo registros nas redes sociais, o casal aproveitava dias de descanso e aventura, incluindo passeios pela famosa Maya Bay. Em sua \u00faltima postagem nos stories, Carolina compartilhou uma foto de uma refei\u00e7\u00e3o t\u00edpica, comentando: \u201cO \u00faltimo Pad Thais. At\u00e9 a pr\u00f3xima\u201d.<\/p>\n<p><img src=\"https:\/\/i.imgur.com\/8c0T5Pj.jpeg\" \/><\/p>\n<p>Formada em Medicina h\u00e1 dois anos, Carolina fazia parte de uma tradicional fam\u00edlia de m\u00e9dicos em Palmeira dos \u00cdndios, Alagoas. Sua m\u00e3e, Lara Albuquerque, dermatologista, frequentemente publicava fotos ao lado da filha e de suas outras duas filhas. O governador Paulo Dantas tamb\u00e9m lamentou a perda precoce. \u201cCarolina nos deixa precocemente, mas sua mem\u00f3ria permanecer\u00e1 viva entre n\u00f3s\u201d, afirmou em nota.<\/p>\n<p><img src=\"https:\/\/cdn.i-scmp.com\/sites\/default\/files\/styles\/1020x680\/public\/d8\/images\/canvas\/2024\/12\/30\/717a3bfe-28b5-4693-b7f9-4c30c0b346cc_263b596e.jpg?itok=X0SlHZwa&amp;v=1735539256\" alt=\"\" \/><\/p>\n<p>O Sindicato dos M\u00e9dicos de Alagoas e o governo estadual tamb\u00e9m expressaram solidariedade \u00e0 fam\u00edlia. \u201cQue os cora\u00e7\u00f5es daqueles que ficaram sejam confortados. Neste momento de imensur\u00e1vel dor, prestamos nossas condol\u00eancias\u201d, destacou a entidade. O Minist\u00e9rio das Rela\u00e7\u00f5es Exteriores, por meio da Embaixada do Brasil em Bangkok, informou que est\u00e1 prestando assist\u00eancia consular \u00e0s v\u00edtimas e mantendo contato com as autoridades locais. No entanto, o \u00f3rg\u00e3o n\u00e3o revelou detalhes sobre o apoio oferecido. A trag\u00e9dia, al\u00e9m de interromper uma vida cheia de sonhos e realiza\u00e7\u00f5es, trouxe \u00e0 tona a fragilidade de momentos que parecem eternos. Carolina, que sonhava com uma carreira de sucesso e uma vida ao lado de Fernando, deixa um legado de amor, dedica\u00e7\u00e3o e saudade.<\/p>\n<p><img src=\"https:\/\/s2-g1.glbimg.com\/u0gULTcedS2-d-zWKbuLSP3aOrE=\/0x0:1079x1347\/984x0\/smart\/filters:strip_icc()\/i.s3.glbimg.com\/v1\/AUTH_59edd422c0c84a879bd37670ae4f538a\/internal_photos\/bs\/2024\/P\/W\/A46h3fTp2wCEjzVuHO2Q\/whatsapp-image-2024-12-30-at-09.00.32-1-.jpeg\" alt=\"\" \/><\/p>\n","protected":false},"excerpt":{"rendered":"<p>Uma trag\u00e9dia na Tail\u00e2ndia tirou a vida da m\u00e9dica alagoana Carolina Canales, de 24 anos, ap\u00f3s um inc\u00eandio em um hotel na capital Bangkok. Outros dois turistas, um cidad\u00e3o ucraniano e um americano, tamb\u00e9m n\u00e3o resistiram ao incidente. A not\u00edcia abalou a comunidade alagoana e gerou como\u00e7\u00e3o nas redes sociais, onde amigos e familiares prestaram homenagens \u00e0 jovem m\u00e9dica. Carolina estava no pa\u00eds asi\u00e1tico h\u00e1 pelo menos uma semana, acompanhada do noivo, Fernando Lages da Resurrei\u00e7\u00e3o. O casal celebrava o recente noivado, anunciado com alegria por Carolina em uma publica\u00e7\u00e3o no Instagram. \u201cSim!!! Mil vezes!!! Todos os dias da minha [&hellip;]<\/p>\n","protected":false},"author":1,"featured_media":59569,"comment_status":"open","ping_status":"closed","sticky":false,"template":"","format":"standard","meta":{"_links_to":"","_links_to_target":""},"categories":[3,8,1],"tags":[],"views":1238,"_links":{"self":[{"href":"https:\/\/www.brazilianpress.com\/v1\/wp-json\/wp\/v2\/posts\/59568"}],"collection":[{"href":"https:\/\/www.brazilianpress.com\/v1\/wp-json\/wp\/v2\/posts"}],"about":[{"href":"https:\/\/www.brazilianpress.com\/v1\/wp-json\/wp\/v2\/types\/post"}],"author":[{"embeddable":true,"href":"https:\/\/www.brazilianpress.com\/v1\/wp-json\/wp\/v2\/users\/1"}],"replies":[{"embeddable":true,"href":"https:\/\/www.brazilianpress.com\/v1\/wp-json\/wp\/v2\/comments?post=59568"}],"version-history":[{"count":2,"href":"https:\/\/www.brazilianpress.com\/v1\/wp-json\/wp\/v2\/posts\/59568\/revisions"}],"predecessor-version":[{"id":59571,"href":"https:\/\/www.brazilianpress.com\/v1\/wp-json\/wp\/v2\/posts\/59568\/revisions\/59571"}],"wp:featuredmedia":[{"embeddable":true,"href":"https:\/\/www.brazilianpress.com\/v1\/wp-json\/wp\/v2\/media\/59569"}],"wp:attachment":[{"href":"https:\/\/www.brazilianpress.com\/v1\/wp-json\/wp\/v2\/media?parent=59568"}],"wp:term":[{"taxonomy":"category","embeddable":true,"href":"https:\/\/www.brazilianpress.com\/v1\/wp-json\/wp\/v2\/categories?post=59568"},{"taxonomy":"post_tag","embeddable":true,"href":"https:\/\/www.brazilianpress.com\/v1\/wp-json\/wp\/v2\/tags?post=59568"}],"curies":[{"name":"wp","href":"https:\/\/api.w.org\/{rel}","templated":true}]}}