{"id":59580,"date":"2024-12-31T10:29:14","date_gmt":"2024-12-31T14:29:14","guid":{"rendered":"https:\/\/www.brazilianpress.com\/v1\/?p=59580"},"modified":"2024-12-31T10:29:32","modified_gmt":"2024-12-31T14:29:32","slug":"mexico-detem-suspeitos-de-matar-agente-de-imigracao-na-fronteira-com-os-eua","status":"publish","type":"post","link":"https:\/\/www.brazilianpress.com\/v1\/2024\/12\/31\/mexico-detem-suspeitos-de-matar-agente-de-imigracao-na-fronteira-com-os-eua\/","title":{"rendered":"M\u00e9xico det\u00e9m suspeitos de matar agente de imigra\u00e7\u00e3o na fronteira com os EUA"},"content":{"rendered":"<p><strong>Tr\u00eas suspeitos foram presos na segunda-feira (30) em conex\u00e3o com o assassinato de um agente federal de imigra\u00e7\u00e3o mexicano encontrado sem vida no in\u00edcio do dia, de acordo com autoridades de seguran\u00e7a e imigra\u00e7\u00e3o do estado.<\/strong><\/p>\n<p>A morte marca um caso raro de viol\u00eancia mortal contra agentes de imigra\u00e7\u00e3o, poucas semanas antes de uma repress\u00e3o antecipada \u00e0 imigra\u00e7\u00e3o com a pr\u00f3xima posse do presidente eleito dos EUA, Donald Trump.<\/p>\n<p><img src=\"https:\/\/nypost.com\/wp-content\/uploads\/sites\/2\/2024\/12\/agent-hill-near-precos-military-96036449.jpg?quality=75&amp;strip=all\" alt=\"Migrants accused of killing Mexican border agent who asked for ID papers\" \/><\/p>\n<p>Investigadores estaduais relataram que o agente sofreu um ferimento na cabe\u00e7a e apresentava sinais de viol\u00eancia. Dois venezuelanos e um colombiano foram detidos como suspeitos. O agente foi atacado em um posto de controle perto de Ciudad Juarez, em frente a El Paso, Texas, enquanto solicitava a identifica\u00e7\u00e3o de estrangeiros, destacando as tens\u00f5es \u00e0 medida que os migrantes antecipam pol\u00edticas de entrada mais r\u00edgidas nos EUA.<\/p>\n","protected":false},"excerpt":{"rendered":"<p>Tr\u00eas suspeitos foram presos na segunda-feira (30) em conex\u00e3o com o assassinato de um agente federal de imigra\u00e7\u00e3o mexicano encontrado sem vida no in\u00edcio do dia, de acordo com autoridades de seguran\u00e7a e imigra\u00e7\u00e3o do estado. A morte marca um caso raro de viol\u00eancia mortal contra agentes de imigra\u00e7\u00e3o, poucas semanas antes de uma repress\u00e3o antecipada \u00e0 imigra\u00e7\u00e3o com a pr\u00f3xima posse do presidente eleito dos EUA, Donald Trump. Investigadores estaduais relataram que o agente sofreu um ferimento na cabe\u00e7a e apresentava sinais de viol\u00eancia. Dois venezuelanos e um colombiano foram detidos como suspeitos. O agente foi atacado em um [&hellip;]<\/p>\n","protected":false},"author":1,"featured_media":59581,"comment_status":"open","ping_status":"closed","sticky":false,"template":"","format":"standard","meta":{"_links_to":"","_links_to_target":""},"categories":[3,1,10],"tags":[],"views":828,"_links":{"self":[{"href":"https:\/\/www.brazilianpress.com\/v1\/wp-json\/wp\/v2\/posts\/59580"}],"collection":[{"href":"https:\/\/www.brazilianpress.com\/v1\/wp-json\/wp\/v2\/posts"}],"about":[{"href":"https:\/\/www.brazilianpress.com\/v1\/wp-json\/wp\/v2\/types\/post"}],"author":[{"embeddable":true,"href":"https:\/\/www.brazilianpress.com\/v1\/wp-json\/wp\/v2\/users\/1"}],"replies":[{"embeddable":true,"href":"https:\/\/www.brazilianpress.com\/v1\/wp-json\/wp\/v2\/comments?post=59580"}],"version-history":[{"count":1,"href":"https:\/\/www.brazilianpress.com\/v1\/wp-json\/wp\/v2\/posts\/59580\/revisions"}],"predecessor-version":[{"id":59582,"href":"https:\/\/www.brazilianpress.com\/v1\/wp-json\/wp\/v2\/posts\/59580\/revisions\/59582"}],"wp:featuredmedia":[{"embeddable":true,"href":"https:\/\/www.brazilianpress.com\/v1\/wp-json\/wp\/v2\/media\/59581"}],"wp:attachment":[{"href":"https:\/\/www.brazilianpress.com\/v1\/wp-json\/wp\/v2\/media?parent=59580"}],"wp:term":[{"taxonomy":"category","embeddable":true,"href":"https:\/\/www.brazilianpress.com\/v1\/wp-json\/wp\/v2\/categories?post=59580"},{"taxonomy":"post_tag","embeddable":true,"href":"https:\/\/www.brazilianpress.com\/v1\/wp-json\/wp\/v2\/tags?post=59580"}],"curies":[{"name":"wp","href":"https:\/\/api.w.org\/{rel}","templated":true}]}}