{"id":59586,"date":"2025-01-02T13:35:55","date_gmt":"2025-01-02T17:35:55","guid":{"rendered":"https:\/\/www.brazilianpress.com\/v1\/?p=59586"},"modified":"2025-01-02T13:35:55","modified_gmt":"2025-01-02T17:35:55","slug":"retrospectiva-brasil-2024-os-10-fatos-que-marcaram-o-pais","status":"publish","type":"post","link":"https:\/\/www.brazilianpress.com\/v1\/2025\/01\/02\/retrospectiva-brasil-2024-os-10-fatos-que-marcaram-o-pais\/","title":{"rendered":"Retrospectiva Brasil 2024: Os 10 fatos que marcaram o pa\u00eds"},"content":{"rendered":"<p><strong>Enchentes no Rio Grande do Sul<\/strong><\/p>\n<p>Durante o fim de abril e o in\u00edcio de maio de 2024,\u00a0o Rio Grande do Sul enfrentou enchentes causadas por fortes chuvas, que resultaram no transbordamento das bacias dos rios Ca\u00ed, Gravata\u00ed, Jacu\u00ed, Pardo, Sinos e Taquari, al\u00e9m do Lago Gua\u00edba e da Lagoa dos Patos. A \u00e1gua invadiu munic\u00edpios e \u00e1reas no entorno, provocando uma crise sem precedentes.<\/p>\n<p><strong>Queimadas recordes<\/strong><\/p>\n<p>Entre janeiro e setembro de 2024,\u00a0o Brasil registrou 22,38 milh\u00f5es de hectares queimados, um aumento de 150% em rela\u00e7\u00e3o a 2023. Aproximadamente 75% das \u00e1reas atingidas correspondem a vegeta\u00e7\u00f5es nativas, com Mato Grosso, Par\u00e1 e Tocantins liderando entre os estados mais afetados. Setembro foi o m\u00eas com maior n\u00famero de inc\u00eandios, totalizando 10,65 milh\u00f5es de hectares queimados, concentrados principalmente na Amaz\u00f4nia e no Cerrado.<\/p>\n<p><img src=\"https:\/\/img.odcdn.com.br\/wp-content\/uploads\/2024\/09\/Destaque-Alexandre-de-Moraes-e-X-Twitter-scaled.jpg\" alt=\"X\/Twitter diz que cumpriu ordens de Moraes e pede desbloqueio ao STF -  Olhar Digital\" \/><\/p>\n<p><strong>Bloqueio do Twitter, antigo X<\/strong><\/p>\n<p>Em agosto,\u00a0o ministro Alexandre de Moraes, do Supremo Tribunal Federal, determinou o bloqueio do X em todo o territ\u00f3rio nacional. A decis\u00e3o foi tomada ap\u00f3s o dono da plataforma, o bilion\u00e1rio Elon Musk, descumprir a ordem de indicar um representante legal no pa\u00eds no prazo de 24 horas.\u00a0O escrit\u00f3rio brasileiro da plataforma havia sido fechado em 17 de agosto, ap\u00f3s Moraes determinar a pris\u00e3o da representante legal da empresa, caso n\u00e3o fossem respeitadas ordens de suspens\u00e3o de perfis na rede social.<\/p>\n<p><strong>Queda do avi\u00e3o da Voepass<\/strong><\/p>\n<p>No dia 9 de agosto de 2024,\u00a0um avi\u00e3o da Voepass caiu em uma \u00e1rea residencial na cidade de Vinhedo, S\u00e3o Paulo, deixando 62 mortos, incluindo 58 passageiros e quatro tripulantes. A aeronave havia decolado \u00e0s 11h58 do munic\u00edpio de Cascavel, no Paran\u00e1, com destino ao Aeroporto de Guarulhos.<\/p>\n<p><img src=\"https:\/\/www.acidadeon.com\/campinas\/wp-content\/uploads\/sites\/5\/2024\/10\/voepass-2_2024-10-30_17-20-20_jpeg_2024-10-30_17-20-21-1068x613.webp\" alt=\"Avi\u00e3o da Voepass que caiu passou por manuten\u00e7\u00e3o na noite anterior, diz  presidente - ACidade ON Campinas\" \/><\/p>\n<p><strong>Elei\u00e7\u00f5es mais acirradas da hist\u00f3ria de SP e o ano do fico<\/strong><\/p>\n<p>A elei\u00e7\u00e3o na cidade de S\u00e3o Paulo foi a mais acirrada da hist\u00f3ria, com uma diferen\u00e7a m\u00ednima entre os tr\u00eas candidatos mais bem votados no primeiro turno. O atual prefeito Ricardo Nunes (MDB), o deputado federal Guilherme Boulos (PSOL) e o influenciador Pablo Mar\u00e7al (PRTB). A campanha no primeiro turno foi marcada por agress\u00f5es, cadeiradas e quase nenhuma discuss\u00e3o de propostas para a cidade.<\/p>\n<p>Fora da capital paulista, a regra foi o recorde de reelei\u00e7\u00e3o, impulsionadas principalmente pelas emendas parlamentares destinadas a munic\u00edpios por deputados federais.\u00a0Ao todo, 3.038 prefeitos buscaram se reeleger nas elei\u00e7\u00f5es municipais e 2,46 mil governantes tiveram sucesso.<\/p>\n<p><strong>Cirurgia de Lula na cabe\u00e7a\u00a0<\/strong><\/p>\n<p>No in\u00edcio de dezembro, o presidente Luiz In\u00e1cio Lula da Silva (PT)\u00a0passou por uma cirurgia na cabe\u00e7a no Hospital S\u00edrio-Liban\u00eas, em S\u00e3o Paulo. O procedimento ocorreu sem intercorr\u00eancias.\u00a0Lula foi submetido a uma trepana\u00e7\u00e3o, um procedimento cir\u00fargico que consiste em perfurar o cr\u00e2nio com um tr\u00e9pano, uma esp\u00e9cie de broca neurocir\u00fargica, para acessar o c\u00e9rebro ou remover um peda\u00e7o do osso.<\/p>\n<p><img src=\"https:\/\/imagens.ebc.com.br\/xDsnhMLDkg8ImS2az7kS74HYQ4g=\/1170x700\/smart\/https:\/\/agenciabrasil.ebc.com.br\/sites\/default\/files\/thumbnails\/image\/2024\/12\/15\/_pin9052.jpg?itok=-0_xrjkq\" alt=\"Lula recebe alta ap\u00f3s duas cirurgias para drenar hematoma na cabe\u00e7a |  Radioag\u00eancia Nacional\" \/><\/p>\n<p>O sangramento foi resultado de um acidente ocorrido em 19 de outubro, quando Lula escorregou no banheiro do Pal\u00e1cio da Alvorada e bateu a cabe\u00e7a, levando pontos na ocasi\u00e3o. Este novo sangramento, no entanto, ocorreu quase dois meses ap\u00f3s o acidente dom\u00e9stico. Lula teve alta e pode retornar a Bras\u00edlia, mas ter\u00e1 que evitar viagem por 45 dias.<\/p>\n<p><strong>Indiciamento de Bolsonaro\u00a0<\/strong><\/p>\n<p>O ex-presidente\u00a0<a href=\"https:\/\/exame.com\/brasil\/quais-os-proximos-passos-apos-o-indiciamento-de-bolsonaro-e-36-aliados-por-tentativa-de-golpe\/\" data-saferedirecturl=\"https:\/\/www.google.com\/url?q=https:\/\/exame.com\/brasil\/quais-os-proximos-passos-apos-o-indiciamento-de-bolsonaro-e-36-aliados-por-tentativa-de-golpe\/&amp;source=gmail&amp;ust=1735925073419000&amp;usg=AOvVaw3c38Da2ZtY6IKWESEm7CdZ\">Jair Bolsonaro, o ex-chefe do Gabinete de Seguran\u00e7a Institucional (GSI), Augusto Heleno, e o ex-ministro da Defesa e da Casa Civil, Braga Netto, e outras 34 pessoas foram indiciados pelos crimes de aboli\u00e7\u00e3o violenta do Estado Democr\u00e1tico de Direito, golpe de Estado e organiza\u00e7\u00e3o criminosa no fim de novembro pela Pol\u00edcia Federal<\/a>\u00a0(PF).<\/p>\n<p><strong>Condena\u00e7\u00e3o de assassinos de matar Marielle Franco<\/strong><\/p>\n<p>Em outubro de 2024, mais de 6 anos ap\u00f3s o crime,\u00a0os assassinos da vereadora Marielle Franco e do motorista Anderson Gomes foram condenados.\u00a0O ex-policial militar Ronnie Lessa, o autor dos disparos naquela noite de 14 de mar\u00e7o de 2018, recebeu a pena de 78 anos e 9 meses de pris\u00e3o. O tamb\u00e9m ex-PM \u00c9lcio Queiroz, que dirigiu o Cobalt usado no atentado, foi condenado a 59 anos e 8 meses de pris\u00e3o.<\/p>\n<p><img src=\"https:\/\/s2-marieclaire.glbimg.com\/lN8sNzBdX4A6ymNWPL1LAFEHhL8=\/0x0:800x450\/984x0\/smart\/filters:strip_icc()\/i.s3.glbimg.com\/v1\/AUTH_51f0194726ca4cae994c33379977582d\/internal_photos\/bs\/2024\/b\/x\/GcHWJ1R2i1magaBEBQHQ\/marielle-franco.png\" alt=\"10 acontecimentos que impactaram as vidas das brasileiras em 2024\" \/><\/p>\n<p><strong>Descriminaliza\u00e7\u00e3o do porte da maconha<\/strong><\/p>\n<p>O Supremo Tribunal Federal (STF) decidiu em junho deste ano\u00a0descriminalizar o porte da maconha para consumo pessoal.<\/p>\n<p>Em resumo, a decis\u00e3o do STF n\u00e3o legaliza ou libera o uso de maconha no Brasil, mas define que o porte deve ser punido como um ato il\u00edcito administrativo.<\/p>\n<p><strong>Primeira fuga em um pres\u00eddio de seguran\u00e7a m\u00e1xima<\/strong><\/p>\n<p>Dois presos fugiram da Penitenci\u00e1ria Federal de Mossor\u00f3, na regi\u00e3o Oeste do Rio Grande do Norte, no in\u00edcio de fevereiro. Esta foi a primeira fuga registrada na hist\u00f3ria do sistema penitenci\u00e1rio federal, que conta com cinco pres\u00eddios de seguran\u00e7a m\u00e1xima.<\/p>\n","protected":false},"excerpt":{"rendered":"<p>Enchentes no Rio Grande do Sul Durante o fim de abril e o in\u00edcio de maio de 2024,\u00a0o Rio Grande do Sul enfrentou enchentes causadas por fortes chuvas, que resultaram no transbordamento das bacias dos rios Ca\u00ed, Gravata\u00ed, Jacu\u00ed, Pardo, Sinos e Taquari, al\u00e9m do Lago Gua\u00edba e da Lagoa dos Patos. A \u00e1gua invadiu munic\u00edpios e \u00e1reas no entorno, provocando uma crise sem precedentes. Queimadas recordes Entre janeiro e setembro de 2024,\u00a0o Brasil registrou 22,38 milh\u00f5es de hectares queimados, um aumento de 150% em rela\u00e7\u00e3o a 2023. Aproximadamente 75% das \u00e1reas atingidas correspondem a vegeta\u00e7\u00f5es nativas, com Mato Grosso, [&hellip;]<\/p>\n","protected":false},"author":1,"featured_media":59587,"comment_status":"open","ping_status":"closed","sticky":false,"template":"","format":"standard","meta":{"_links_to":"","_links_to_target":""},"categories":[7,3,1],"tags":[],"views":1121,"_links":{"self":[{"href":"https:\/\/www.brazilianpress.com\/v1\/wp-json\/wp\/v2\/posts\/59586"}],"collection":[{"href":"https:\/\/www.brazilianpress.com\/v1\/wp-json\/wp\/v2\/posts"}],"about":[{"href":"https:\/\/www.brazilianpress.com\/v1\/wp-json\/wp\/v2\/types\/post"}],"author":[{"embeddable":true,"href":"https:\/\/www.brazilianpress.com\/v1\/wp-json\/wp\/v2\/users\/1"}],"replies":[{"embeddable":true,"href":"https:\/\/www.brazilianpress.com\/v1\/wp-json\/wp\/v2\/comments?post=59586"}],"version-history":[{"count":1,"href":"https:\/\/www.brazilianpress.com\/v1\/wp-json\/wp\/v2\/posts\/59586\/revisions"}],"predecessor-version":[{"id":59588,"href":"https:\/\/www.brazilianpress.com\/v1\/wp-json\/wp\/v2\/posts\/59586\/revisions\/59588"}],"wp:featuredmedia":[{"embeddable":true,"href":"https:\/\/www.brazilianpress.com\/v1\/wp-json\/wp\/v2\/media\/59587"}],"wp:attachment":[{"href":"https:\/\/www.brazilianpress.com\/v1\/wp-json\/wp\/v2\/media?parent=59586"}],"wp:term":[{"taxonomy":"category","embeddable":true,"href":"https:\/\/www.brazilianpress.com\/v1\/wp-json\/wp\/v2\/categories?post=59586"},{"taxonomy":"post_tag","embeddable":true,"href":"https:\/\/www.brazilianpress.com\/v1\/wp-json\/wp\/v2\/tags?post=59586"}],"curies":[{"name":"wp","href":"https:\/\/api.w.org\/{rel}","templated":true}]}}