{"id":59598,"date":"2025-01-04T16:25:39","date_gmt":"2025-01-04T20:25:39","guid":{"rendered":"https:\/\/www.brazilianpress.com\/v1\/?p=59598"},"modified":"2025-01-04T16:25:39","modified_gmt":"2025-01-04T20:25:39","slug":"video-200-mil-brasileiros-estao-listados-para-serem-deportados-assim-que-trump-tomar-posse","status":"publish","type":"post","link":"https:\/\/www.brazilianpress.com\/v1\/2025\/01\/04\/video-200-mil-brasileiros-estao-listados-para-serem-deportados-assim-que-trump-tomar-posse\/","title":{"rendered":"V\u00cdDEO: 200 mil brasileiros est\u00e3o listados para serem deportados assim que Trump tomar posse"},"content":{"rendered":"<p><strong>O presidente eleito dos Estados Unidos, Donald Trump, anunciou que, j\u00e1 no primeiro dia de seu novo mandato, iniciar\u00e1 opera\u00e7\u00f5es para deportar milh\u00f5es de imigrantes ilegais no pa\u00eds. Entre os alvos dessas medidas, estima-se que mais de 200 mil brasileiros estejam na lista para deporta\u00e7\u00e3o.<\/strong><\/p>\n<p>Durante sua campanha, Trump prometeu implementar a maior opera\u00e7\u00e3o de expuls\u00e3o de estrangeiros na hist\u00f3ria americana, visando entre 11 e 25 milh\u00f5es de imigrantes sem documenta\u00e7\u00e3o regular. Para coordenar essa iniciativa, ele nomeou Thomas Homan como &#8220;czar da fronteira&#8221;. Homan, conhecido por sua postura r\u00edgida em rela\u00e7\u00e3o \u00e0 imigra\u00e7\u00e3o, foi respons\u00e1vel pela controversa pol\u00edtica de separa\u00e7\u00e3o de fam\u00edlias na fronteira durante o primeiro mandato de Trump. <span style=\"color: #993300;\"><strong>Assista a reportagem:<\/strong><\/span><\/p>\n<p><iframe loading=\"lazy\" width=\"640\" height=\"360\" allow=\"autoplay; fullscreen\" src=\"https:\/\/player.mais.uol.com.br\/?mediaId=17298823&#038;type=video\" allowfullscreen frameborder=\"0\"><\/iframe><\/p>\n<p>As opera\u00e7\u00f5es de deporta\u00e7\u00e3o devem ocorrer em diversos locais, incluindo escolas, igrejas e locais de trabalho, com a utiliza\u00e7\u00e3o de centros de deten\u00e7\u00e3o no Texas. Apesar da oposi\u00e7\u00e3o de cidades santu\u00e1rio e de alguns estados, o controle republicano no Congresso e uma Suprema Corte de maioria conservadora podem facilitar a implementa\u00e7\u00e3o dessas medidas. Especialistas alertam para as poss\u00edveis repercuss\u00f5es econ\u00f4micas e sociais dessas a\u00e7\u00f5es. A deporta\u00e7\u00e3o em massa pode afetar o mercado de trabalho e levar a uma desacelera\u00e7\u00e3o econ\u00f4mica. Al\u00e9m disso, h\u00e1 preocupa\u00e7\u00f5es sobre o impacto humanit\u00e1rio nas fam\u00edlias dos imigrantes, muitas das quais est\u00e3o estabelecidas nos Estados Unidos h\u00e1 anos.<\/p>\n<p>O governo brasileiro ainda n\u00e3o se pronunciou oficialmente sobre o assunto, mas a expectativa \u00e9 de que medidas sejam tomadas para auxiliar os cidad\u00e3os afetados por essas deporta\u00e7\u00f5es. Organiza\u00e7\u00f5es de defesa dos direitos dos imigrantes tamb\u00e9m est\u00e3o se mobilizando para oferecer suporte legal e humanit\u00e1rio aos brasileiros que possam ser deportados. A comunidade internacional observa atentamente os desdobramentos dessas pol\u00edticas migrat\u00f3rias nos Estados Unidos, que podem gerar tens\u00f5es diplom\u00e1ticas e afetar as rela\u00e7\u00f5es bilaterais com diversos pa\u00edses, incluindo o Brasil.<\/p>\n","protected":false},"excerpt":{"rendered":"<p>O presidente eleito dos Estados Unidos, Donald Trump, anunciou que, j\u00e1 no primeiro dia de seu novo mandato, iniciar\u00e1 opera\u00e7\u00f5es para deportar milh\u00f5es de imigrantes ilegais no pa\u00eds. Entre os alvos dessas medidas, estima-se que mais de 200 mil brasileiros estejam na lista para deporta\u00e7\u00e3o. Durante sua campanha, Trump prometeu implementar a maior opera\u00e7\u00e3o de expuls\u00e3o de estrangeiros na hist\u00f3ria americana, visando entre 11 e 25 milh\u00f5es de imigrantes sem documenta\u00e7\u00e3o regular. Para coordenar essa iniciativa, ele nomeou Thomas Homan como &#8220;czar da fronteira&#8221;. Homan, conhecido por sua postura r\u00edgida em rela\u00e7\u00e3o \u00e0 imigra\u00e7\u00e3o, foi respons\u00e1vel pela controversa pol\u00edtica de [&hellip;]<\/p>\n","protected":false},"author":1,"featured_media":59599,"comment_status":"open","ping_status":"closed","sticky":false,"template":"","format":"standard","meta":{"_links_to":"","_links_to_target":""},"categories":[4,3,1],"tags":[],"views":1438,"_links":{"self":[{"href":"https:\/\/www.brazilianpress.com\/v1\/wp-json\/wp\/v2\/posts\/59598"}],"collection":[{"href":"https:\/\/www.brazilianpress.com\/v1\/wp-json\/wp\/v2\/posts"}],"about":[{"href":"https:\/\/www.brazilianpress.com\/v1\/wp-json\/wp\/v2\/types\/post"}],"author":[{"embeddable":true,"href":"https:\/\/www.brazilianpress.com\/v1\/wp-json\/wp\/v2\/users\/1"}],"replies":[{"embeddable":true,"href":"https:\/\/www.brazilianpress.com\/v1\/wp-json\/wp\/v2\/comments?post=59598"}],"version-history":[{"count":1,"href":"https:\/\/www.brazilianpress.com\/v1\/wp-json\/wp\/v2\/posts\/59598\/revisions"}],"predecessor-version":[{"id":59600,"href":"https:\/\/www.brazilianpress.com\/v1\/wp-json\/wp\/v2\/posts\/59598\/revisions\/59600"}],"wp:featuredmedia":[{"embeddable":true,"href":"https:\/\/www.brazilianpress.com\/v1\/wp-json\/wp\/v2\/media\/59599"}],"wp:attachment":[{"href":"https:\/\/www.brazilianpress.com\/v1\/wp-json\/wp\/v2\/media?parent=59598"}],"wp:term":[{"taxonomy":"category","embeddable":true,"href":"https:\/\/www.brazilianpress.com\/v1\/wp-json\/wp\/v2\/categories?post=59598"},{"taxonomy":"post_tag","embeddable":true,"href":"https:\/\/www.brazilianpress.com\/v1\/wp-json\/wp\/v2\/tags?post=59598"}],"curies":[{"name":"wp","href":"https:\/\/api.w.org\/{rel}","templated":true}]}}