{"id":59603,"date":"2025-01-07T15:39:28","date_gmt":"2025-01-07T19:39:28","guid":{"rendered":"https:\/\/www.brazilianpress.com\/v1\/?p=59603"},"modified":"2025-01-07T15:39:28","modified_gmt":"2025-01-07T19:39:28","slug":"mark-zuckerberg-se-une-a-trump-e-musk-e-anuncia-que-meta-vai-combater-censura-na-america-latina","status":"publish","type":"post","link":"https:\/\/www.brazilianpress.com\/v1\/2025\/01\/07\/mark-zuckerberg-se-une-a-trump-e-musk-e-anuncia-que-meta-vai-combater-censura-na-america-latina\/","title":{"rendered":"Mark Zuckerberg se une \u00e0 Trump e Musk e anuncia que Meta vai combater &#8220;censura&#8221; na Am\u00e9rica Latina"},"content":{"rendered":"<p><strong>O diretor-presidente do grupo Meta, Mark Zuckerberg, divulgou nesta ter\u00e7a-feira, 7, um v\u00eddeo pol\u00eamico no qual acusa a exist\u00eancia de \u201ccortes clandestinas\u201d em pa\u00edses da Am\u00e9rica Latina, respons\u00e1veis por ordenar a remo\u00e7\u00e3o de conte\u00fados das redes sociais de maneira sigilosa. O executivo criticou a atua\u00e7\u00e3o desses tribunais e afirmou que a Meta adotar\u00e1 uma postura firme em defesa da liberdade de express\u00e3o, tanto nos Estados Unidos quanto no cen\u00e1rio internacional.<\/strong><\/p>\n<p>\u201cH\u00e1 pa\u00edses latino-americanos com tribunais clandestinos que podem ordenar que as empresas retirem do ar coisas de forma sigilosa\u201d, declarou Zuckerberg, apontando o que considera uma amea\u00e7a crescente \u00e0 liberdade nas plataformas digitais. Segundo ele, a \u00fanica maneira de resistir a essa tend\u00eancia global \u00e9 contar com o apoio do governo norte-americano, destacando que os EUA possuem as prote\u00e7\u00f5es constitucionais mais s\u00f3lidas para a liberdade de express\u00e3o.<\/p>\n<p><img src=\"https:\/\/conteudo.imguol.com.br\/c\/parceiros\/7c\/2019\/09\/20\/encontro-de-donald-trump-e-mark-zuckerberg-em-washington-1568992497245_v2_750x1.jpg\" alt=\"Doa\u00e7\u00e3o, jantar e mudan\u00e7a na Meta: Zuckerberg coleciona acenos a Trump\" \/><\/p>\n<p>Zuckerberg afirmou que a administra\u00e7\u00e3o anterior dos EUA teria pressionado as empresas de tecnologia a implementar censuras. \u201cNos \u00faltimos quatro anos, enfrentamos dificuldades porque at\u00e9 mesmo o governo dos EUA promoveu censura em nossas plataformas, o que encorajou outros governos ao redor do mundo a seguir pelo mesmo caminho. Agora temos a oportunidade de restaurar a liberdade de express\u00e3o, e estou animado para aproveit\u00e1-la\u201d, disse ele.<\/p>\n<p><strong>Fim do programa de checagem de not\u00edcias<\/strong><\/p>\n<p>Em meio \u00e0s mudan\u00e7as anunciadas, Zuckerberg confirmou o fim do programa de checagem de not\u00edcias do Meta, que at\u00e9 ent\u00e3o revisava poss\u00edveis viola\u00e7\u00f5es nas pol\u00edticas da plataforma. \u201cOs filtros que us\u00e1vamos para identificar viola\u00e7\u00f5es removiam muitos conte\u00fados por engano. Vamos concentrar os filtros apenas em quest\u00f5es de alta gravidade e deixar que viola\u00e7\u00f5es menores sejam reportadas por usu\u00e1rios antes de tomarmos qualquer medida\u201d, explicou.<\/p>\n<p>Al\u00e9m disso, as equipes de modera\u00e7\u00e3o de conte\u00fado, atualmente localizadas na Calif\u00f3rnia, ser\u00e3o transferidas para o Texas, em uma tentativa de minimizar preocupa\u00e7\u00f5es sobre poss\u00edveis preconceitos na aplica\u00e7\u00e3o das pol\u00edticas do Meta.<\/p>\n<p>\u201c\u00c0 medida que trabalhamos para promover a liberdade de express\u00e3o, acho que isso nos ajudar\u00e1 a construir confian\u00e7a e tornar nossas decis\u00f5es mais transparentes em locais onde h\u00e1 menos acusa\u00e7\u00f5es de vi\u00e9s pol\u00edtico\u201d, argumentou Zuckerberg.<\/p>\n<p><strong>Governo dos EUA sob cr\u00edticas diretas<\/strong><\/p>\n<p>O v\u00eddeo tamb\u00e9m incluiu acusa\u00e7\u00f5es diretas contra o governo de Joe Biden, que, segundo Zuckerberg, teria incentivado atos de censura nas redes sociais. Para o CEO da Meta, essa postura norte-americana fortaleceu regimes autorit\u00e1rios em outros pa\u00edses, que passaram a usar pr\u00e1ticas similares para controlar conte\u00fados em suas jurisdi\u00e7\u00f5es. Com essas medidas, a Meta sinaliza uma guinada estrat\u00e9gica na maneira como lida com quest\u00f5es de liberdade de express\u00e3o e censura. O impacto dessas mudan\u00e7as promete reverberar em um debate global j\u00e1 acirrado sobre o equil\u00edbrio entre modera\u00e7\u00e3o de conte\u00fado e direitos fundamentais.<\/p>\n","protected":false},"excerpt":{"rendered":"<p>O diretor-presidente do grupo Meta, Mark Zuckerberg, divulgou nesta ter\u00e7a-feira, 7, um v\u00eddeo pol\u00eamico no qual acusa a exist\u00eancia de \u201ccortes clandestinas\u201d em pa\u00edses da Am\u00e9rica Latina, respons\u00e1veis por ordenar a remo\u00e7\u00e3o de conte\u00fados das redes sociais de maneira sigilosa. O executivo criticou a atua\u00e7\u00e3o desses tribunais e afirmou que a Meta adotar\u00e1 uma postura firme em defesa da liberdade de express\u00e3o, tanto nos Estados Unidos quanto no cen\u00e1rio internacional. \u201cH\u00e1 pa\u00edses latino-americanos com tribunais clandestinos que podem ordenar que as empresas retirem do ar coisas de forma sigilosa\u201d, declarou Zuckerberg, apontando o que considera uma amea\u00e7a crescente \u00e0 liberdade [&hellip;]<\/p>\n","protected":false},"author":1,"featured_media":59604,"comment_status":"open","ping_status":"closed","sticky":false,"template":"","format":"standard","meta":{"_links_to":"","_links_to_target":""},"categories":[3,1,10],"tags":[],"views":863,"_links":{"self":[{"href":"https:\/\/www.brazilianpress.com\/v1\/wp-json\/wp\/v2\/posts\/59603"}],"collection":[{"href":"https:\/\/www.brazilianpress.com\/v1\/wp-json\/wp\/v2\/posts"}],"about":[{"href":"https:\/\/www.brazilianpress.com\/v1\/wp-json\/wp\/v2\/types\/post"}],"author":[{"embeddable":true,"href":"https:\/\/www.brazilianpress.com\/v1\/wp-json\/wp\/v2\/users\/1"}],"replies":[{"embeddable":true,"href":"https:\/\/www.brazilianpress.com\/v1\/wp-json\/wp\/v2\/comments?post=59603"}],"version-history":[{"count":1,"href":"https:\/\/www.brazilianpress.com\/v1\/wp-json\/wp\/v2\/posts\/59603\/revisions"}],"predecessor-version":[{"id":59605,"href":"https:\/\/www.brazilianpress.com\/v1\/wp-json\/wp\/v2\/posts\/59603\/revisions\/59605"}],"wp:featuredmedia":[{"embeddable":true,"href":"https:\/\/www.brazilianpress.com\/v1\/wp-json\/wp\/v2\/media\/59604"}],"wp:attachment":[{"href":"https:\/\/www.brazilianpress.com\/v1\/wp-json\/wp\/v2\/media?parent=59603"}],"wp:term":[{"taxonomy":"category","embeddable":true,"href":"https:\/\/www.brazilianpress.com\/v1\/wp-json\/wp\/v2\/categories?post=59603"},{"taxonomy":"post_tag","embeddable":true,"href":"https:\/\/www.brazilianpress.com\/v1\/wp-json\/wp\/v2\/tags?post=59603"}],"curies":[{"name":"wp","href":"https:\/\/api.w.org\/{rel}","templated":true}]}}