{"id":59680,"date":"2025-01-15T16:30:19","date_gmt":"2025-01-15T20:30:19","guid":{"rendered":"https:\/\/www.brazilianpress.com\/v1\/?p=59680"},"modified":"2025-01-16T11:32:30","modified_gmt":"2025-01-16T15:32:30","slug":"policia-federal-diz-que-residente-de-santa-catarina-desaparecido-na-europa-esta-preso-em-paris-por-trafico-de-drogas","status":"publish","type":"post","link":"https:\/\/www.brazilianpress.com\/v1\/2025\/01\/15\/policia-federal-diz-que-residente-de-santa-catarina-desaparecido-na-europa-esta-preso-em-paris-por-trafico-de-drogas\/","title":{"rendered":"Pol\u00edcia Federal diz que residente de Santa Catarina desaparecido na Europa est\u00e1 preso em Paris por tr\u00e1fico de drogas"},"content":{"rendered":"<p><strong>Ap\u00f3s tr\u00eas meses de procura, o brasileiro Andr\u00e9 Alves do Nascimento, 35, foi localizado pela Interpol. Ele estava desaparecido na Europa desde o dia 6 novembro de 2024,\u00a0quando havia feito o \u00faltimo contato com a fam\u00edlia avisando que iria embarcar em um trem em Amsterd\u00e3. A pris\u00e3o dele foi confirmada pela Pol\u00edcia Federal na segunda-feira (13).<\/strong><\/p>\n<p>Natural de Campina Grande (PB), Andr\u00e9 \u00e9 morador de Joinville, no Norte de Santa Catarina. Segundo a Pol\u00edcia Federal, ele se encontra no centro penitenci\u00e1rio de Fleury-M\u00e9rogis, em Paris, suspeito de tr\u00e1fico de drogas. A corpora\u00e7\u00e3o n\u00e3o deu detalhes sobre como a pris\u00e3o foi efetuada, nem quais subst\u00e2ncias ele estaria portando.<\/p>\n<p>A pris\u00e3o preventiva tem validade at\u00e9 6 de mar\u00e7o de 2025, segundo a lei francesa, mas n\u00e3o h\u00e1 detalhes sobre os pr\u00f3ximos passos.<\/p>\n<p>Em conversa com a imprensa, um amigo de Andr\u00e9 contou que a \u00faltima vez que teve informa\u00e7\u00f5es sobre o jovem foi por meio da internet. \u201cNos stories no Instagram, vimos ele dentro do vag\u00e3o a caminho de Amsterd\u00e3\u201d, relata.<\/p>\n<p>Conforme o amigo, Andr\u00e9 havia sa\u00eddo de Paris, na Fran\u00e7a, e seguiria para a capital da Holanda. Toda a viagem estava sendo feita a turismo e o jovem deveria retornar ao Brasil no dia 18 de novembro. Ele viajava sozinho.<\/p>\n<p>Segundo Andr\u00e9ia Alves, irm\u00e3 de Andr\u00e9, o \u00faltimo contato do rapaz com amigos e fam\u00edlia foi quando estava em uma esta\u00e7\u00e3o de trem em Paris. \u201cEle nos falou que estava no trem indo para Amsterd\u00e3 e que nos comunicaria quando chegasse l\u00e1\u201d, relembrou a irm\u00e3.<\/p>\n<p>Ainda de acordo com Andr\u00e9ia, o consulado do Brasil na Fran\u00e7a presta apoio \u00e0 fam\u00edlia, mas a fam\u00edlia soube da pris\u00e3o atrav\u00e9s da imprensa. Segundo a irm\u00e3, a Pol\u00edcia Federal ainda n\u00e3o notificou a fam\u00edlia a respeito da pris\u00e3o de Andr\u00e9.<\/p>\n<p>Mari Garcia, m\u00e3e de cria\u00e7\u00e3o de Andr\u00e9, tamb\u00e9m soube da pris\u00e3o atrav\u00e9s da apura\u00e7\u00e3o feita pela imprensa. \u201cMas pelo menos ele foi encontrado com vida, gra\u00e7as a Deus. Eu n\u00e3o tinha mais esperan\u00e7a de encontrar ele com vivo\u201d, relatou.<\/p>\n","protected":false},"excerpt":{"rendered":"<p>Ap\u00f3s tr\u00eas meses de procura, o brasileiro Andr\u00e9 Alves do Nascimento, 35, foi localizado pela Interpol. Ele estava desaparecido na Europa desde o dia 6 novembro de 2024,\u00a0quando havia feito o \u00faltimo contato com a fam\u00edlia avisando que iria embarcar em um trem em Amsterd\u00e3. A pris\u00e3o dele foi confirmada pela Pol\u00edcia Federal na segunda-feira (13). Natural de Campina Grande (PB), Andr\u00e9 \u00e9 morador de Joinville, no Norte de Santa Catarina. Segundo a Pol\u00edcia Federal, ele se encontra no centro penitenci\u00e1rio de Fleury-M\u00e9rogis, em Paris, suspeito de tr\u00e1fico de drogas. A corpora\u00e7\u00e3o n\u00e3o deu detalhes sobre como a pris\u00e3o foi [&hellip;]<\/p>\n","protected":false},"author":1,"featured_media":59681,"comment_status":"open","ping_status":"closed","sticky":false,"template":"","format":"standard","meta":{"_links_to":"","_links_to_target":""},"categories":[7,3,1],"tags":[],"views":1490,"_links":{"self":[{"href":"https:\/\/www.brazilianpress.com\/v1\/wp-json\/wp\/v2\/posts\/59680"}],"collection":[{"href":"https:\/\/www.brazilianpress.com\/v1\/wp-json\/wp\/v2\/posts"}],"about":[{"href":"https:\/\/www.brazilianpress.com\/v1\/wp-json\/wp\/v2\/types\/post"}],"author":[{"embeddable":true,"href":"https:\/\/www.brazilianpress.com\/v1\/wp-json\/wp\/v2\/users\/1"}],"replies":[{"embeddable":true,"href":"https:\/\/www.brazilianpress.com\/v1\/wp-json\/wp\/v2\/comments?post=59680"}],"version-history":[{"count":2,"href":"https:\/\/www.brazilianpress.com\/v1\/wp-json\/wp\/v2\/posts\/59680\/revisions"}],"predecessor-version":[{"id":59683,"href":"https:\/\/www.brazilianpress.com\/v1\/wp-json\/wp\/v2\/posts\/59680\/revisions\/59683"}],"wp:featuredmedia":[{"embeddable":true,"href":"https:\/\/www.brazilianpress.com\/v1\/wp-json\/wp\/v2\/media\/59681"}],"wp:attachment":[{"href":"https:\/\/www.brazilianpress.com\/v1\/wp-json\/wp\/v2\/media?parent=59680"}],"wp:term":[{"taxonomy":"category","embeddable":true,"href":"https:\/\/www.brazilianpress.com\/v1\/wp-json\/wp\/v2\/categories?post=59680"},{"taxonomy":"post_tag","embeddable":true,"href":"https:\/\/www.brazilianpress.com\/v1\/wp-json\/wp\/v2\/tags?post=59680"}],"curies":[{"name":"wp","href":"https:\/\/api.w.org\/{rel}","templated":true}]}}