{"id":59684,"date":"2025-01-16T15:13:48","date_gmt":"2025-01-16T19:13:48","guid":{"rendered":"https:\/\/www.brazilianpress.com\/v1\/?p=59684"},"modified":"2025-01-16T15:13:48","modified_gmt":"2025-01-16T19:13:48","slug":"em-busca-de-meta-cruzeiro-apresenta-mudancas-no-programa-de-socios-veja-novidades","status":"publish","type":"post","link":"https:\/\/www.brazilianpress.com\/v1\/2025\/01\/16\/em-busca-de-meta-cruzeiro-apresenta-mudancas-no-programa-de-socios-veja-novidades\/","title":{"rendered":"Em busca de meta, Cruzeiro apresenta mudan\u00e7as no programa de s\u00f3cios; veja novidades"},"content":{"rendered":"<p><strong>O\u00a0Cruzeiro\u00a0anunciou que o programa de s\u00f3cios passar\u00e1 por mudan\u00e7as a partir desta temporada. O clube mineiro oficializou que a assinatura ser\u00e1 mensal, n\u00e3o mais anual. A meta \u00e9 conseguir alcan\u00e7ar os 100 mil s\u00f3cios, no m\u00ednimo.<\/strong><\/p>\n<p>Segundo o\u00a0Cruzeiro, a ideia \u00e9 que mais torcedores possam se fidelizar sem a necessidade de um limite de cr\u00e9dito equivalente ao total de 12 mensalidades.<\/p>\n<p>Outras novidades ocorrer\u00e3o em rela\u00e7\u00e3o aos planos anteriores. Os torcedores que ainda estavam vinculados aos planos antigos, que foram descontinuados em 2024, ser\u00e3o migrados para as categorias atualmente dispon\u00edveis: Meu\u00a0Cruzeiro\u00a0(R$ 9,90), Time do Povo (R$ 29,90), Cabuloso (R$ 79,90) e Cabuloso Max (R$ 189,90).<\/p>\n<p>De acordo com o\u00a0Cruzeiro, a migra\u00e7\u00e3o ocorrer\u00e1 de forma autom\u00e1tica e baseada na similaridade dos seus benef\u00edcios anteriores. Contudo, o s\u00f3cio poder\u00e1 entrar em contato caso queira realizar uma mudan\u00e7a de categoria.<\/p>\n<p>A meta do\u00a0Cruzeiro\u00a0\u00e9 chegar aos 100 mil s\u00f3cios, algo pretendido por Pedro Louren\u00e7o desde que assumiu a SAF, em abril passado. A Raposa, hoje, conta com 81,4 mil s\u00f3cios, apresentando um pequeno crescimento neste in\u00edcio de ano.<\/p>\n","protected":false},"excerpt":{"rendered":"<p>O\u00a0Cruzeiro\u00a0anunciou que o programa de s\u00f3cios passar\u00e1 por mudan\u00e7as a partir desta temporada. O clube mineiro oficializou que a assinatura ser\u00e1 mensal, n\u00e3o mais anual. A meta \u00e9 conseguir alcan\u00e7ar os 100 mil s\u00f3cios, no m\u00ednimo. Segundo o\u00a0Cruzeiro, a ideia \u00e9 que mais torcedores possam se fidelizar sem a necessidade de um limite de cr\u00e9dito equivalente ao total de 12 mensalidades. Outras novidades ocorrer\u00e3o em rela\u00e7\u00e3o aos planos anteriores. Os torcedores que ainda estavam vinculados aos planos antigos, que foram descontinuados em 2024, ser\u00e3o migrados para as categorias atualmente dispon\u00edveis: Meu\u00a0Cruzeiro\u00a0(R$ 9,90), Time do Povo (R$ 29,90), Cabuloso (R$ 79,90) [&hellip;]<\/p>\n","protected":false},"author":1,"featured_media":59685,"comment_status":"open","ping_status":"closed","sticky":false,"template":"","format":"standard","meta":{"_links_to":"","_links_to_target":""},"categories":[9,1],"tags":[],"views":830,"_links":{"self":[{"href":"https:\/\/www.brazilianpress.com\/v1\/wp-json\/wp\/v2\/posts\/59684"}],"collection":[{"href":"https:\/\/www.brazilianpress.com\/v1\/wp-json\/wp\/v2\/posts"}],"about":[{"href":"https:\/\/www.brazilianpress.com\/v1\/wp-json\/wp\/v2\/types\/post"}],"author":[{"embeddable":true,"href":"https:\/\/www.brazilianpress.com\/v1\/wp-json\/wp\/v2\/users\/1"}],"replies":[{"embeddable":true,"href":"https:\/\/www.brazilianpress.com\/v1\/wp-json\/wp\/v2\/comments?post=59684"}],"version-history":[{"count":1,"href":"https:\/\/www.brazilianpress.com\/v1\/wp-json\/wp\/v2\/posts\/59684\/revisions"}],"predecessor-version":[{"id":59686,"href":"https:\/\/www.brazilianpress.com\/v1\/wp-json\/wp\/v2\/posts\/59684\/revisions\/59686"}],"wp:featuredmedia":[{"embeddable":true,"href":"https:\/\/www.brazilianpress.com\/v1\/wp-json\/wp\/v2\/media\/59685"}],"wp:attachment":[{"href":"https:\/\/www.brazilianpress.com\/v1\/wp-json\/wp\/v2\/media?parent=59684"}],"wp:term":[{"taxonomy":"category","embeddable":true,"href":"https:\/\/www.brazilianpress.com\/v1\/wp-json\/wp\/v2\/categories?post=59684"},{"taxonomy":"post_tag","embeddable":true,"href":"https:\/\/www.brazilianpress.com\/v1\/wp-json\/wp\/v2\/tags?post=59684"}],"curies":[{"name":"wp","href":"https:\/\/api.w.org\/{rel}","templated":true}]}}