{"id":59687,"date":"2025-01-16T15:16:20","date_gmt":"2025-01-16T19:16:20","guid":{"rendered":"https:\/\/www.brazilianpress.com\/v1\/?p=59687"},"modified":"2025-01-16T15:16:20","modified_gmt":"2025-01-16T19:16:20","slug":"atletico-mg-faz-proposta-por-junior-santos-do-botafogo","status":"publish","type":"post","link":"https:\/\/www.brazilianpress.com\/v1\/2025\/01\/16\/atletico-mg-faz-proposta-por-junior-santos-do-botafogo\/","title":{"rendered":"Atl\u00e9tico-MG faz proposta por J\u00fanior Santos, do Botafogo"},"content":{"rendered":"<p><strong>O\u00a0Atl\u00e9tico-MG\u00a0fez proposta para contratar o atacante J\u00fanior Santos, do Botafogo. O Galo ofereceu 7 milh\u00f5es de d\u00f3lares (cerca de R$ 42 milh\u00f5es na cota\u00e7\u00e3o atual). A equipe carioca pede 8 milh\u00f5es de d\u00f3lares pelo jogador.<\/strong><\/p>\n<p>O atacante, de 30 anos, est\u00e1 no Botafogo desde 2023 (teve passagem no time carioca por empr\u00e9stimo no ano anterior). Foi artilheiro do Botafogo na ultima edi\u00e7\u00e3o Conmebol Libertadores, com 10 gols, se tornando o maior goleador do time na hist\u00f3ria da competi\u00e7\u00e3o.<\/p>\n<p>Pelo Alvinegro carioca, J\u00fanior Santos tem 115 jogos, marcou 28 gols e deu nove assist\u00eancias. No Brasil, o atacante tem passagens pelo Fortaleza, Ponte Preta e Ituano. Tamb\u00e9m atuou no Jap\u00e3o por quase tr\u00eas temporadas.<\/p>\n<p>J\u00fanior Santos \u00e9 mais um atacante que o Atl\u00e9tico tenta contratar nesta janela. Depois de desistir de Artur, do Zenit, o Galo tenta confirmar a contrata\u00e7\u00e3o de Tom\u00e1s Cuello, do Athletico-PR. O time mineiro ainda segue nas conversas por Soteldo, do Santos.<\/p>\n<p>O lateral Natanael, do Coritiba, deve ser anunciado nos pr\u00f3ximos dias. O jogador est\u00e1 passando por exames m\u00e9dicos, em Belo Horizonte. Gabriel Menino e Patrick, ambos do Palmeiras, foram anunciados como refor\u00e7os atleticanos para 2025.<\/p>\n","protected":false},"excerpt":{"rendered":"<p>O\u00a0Atl\u00e9tico-MG\u00a0fez proposta para contratar o atacante J\u00fanior Santos, do Botafogo. O Galo ofereceu 7 milh\u00f5es de d\u00f3lares (cerca de R$ 42 milh\u00f5es na cota\u00e7\u00e3o atual). A equipe carioca pede 8 milh\u00f5es de d\u00f3lares pelo jogador. O atacante, de 30 anos, est\u00e1 no Botafogo desde 2023 (teve passagem no time carioca por empr\u00e9stimo no ano anterior). Foi artilheiro do Botafogo na ultima edi\u00e7\u00e3o Conmebol Libertadores, com 10 gols, se tornando o maior goleador do time na hist\u00f3ria da competi\u00e7\u00e3o. Pelo Alvinegro carioca, J\u00fanior Santos tem 115 jogos, marcou 28 gols e deu nove assist\u00eancias. No Brasil, o atacante tem passagens pelo [&hellip;]<\/p>\n","protected":false},"author":1,"featured_media":59688,"comment_status":"open","ping_status":"closed","sticky":false,"template":"","format":"standard","meta":{"_links_to":"","_links_to_target":""},"categories":[9,1],"tags":[],"views":926,"_links":{"self":[{"href":"https:\/\/www.brazilianpress.com\/v1\/wp-json\/wp\/v2\/posts\/59687"}],"collection":[{"href":"https:\/\/www.brazilianpress.com\/v1\/wp-json\/wp\/v2\/posts"}],"about":[{"href":"https:\/\/www.brazilianpress.com\/v1\/wp-json\/wp\/v2\/types\/post"}],"author":[{"embeddable":true,"href":"https:\/\/www.brazilianpress.com\/v1\/wp-json\/wp\/v2\/users\/1"}],"replies":[{"embeddable":true,"href":"https:\/\/www.brazilianpress.com\/v1\/wp-json\/wp\/v2\/comments?post=59687"}],"version-history":[{"count":1,"href":"https:\/\/www.brazilianpress.com\/v1\/wp-json\/wp\/v2\/posts\/59687\/revisions"}],"predecessor-version":[{"id":59689,"href":"https:\/\/www.brazilianpress.com\/v1\/wp-json\/wp\/v2\/posts\/59687\/revisions\/59689"}],"wp:featuredmedia":[{"embeddable":true,"href":"https:\/\/www.brazilianpress.com\/v1\/wp-json\/wp\/v2\/media\/59688"}],"wp:attachment":[{"href":"https:\/\/www.brazilianpress.com\/v1\/wp-json\/wp\/v2\/media?parent=59687"}],"wp:term":[{"taxonomy":"category","embeddable":true,"href":"https:\/\/www.brazilianpress.com\/v1\/wp-json\/wp\/v2\/categories?post=59687"},{"taxonomy":"post_tag","embeddable":true,"href":"https:\/\/www.brazilianpress.com\/v1\/wp-json\/wp\/v2\/tags?post=59687"}],"curies":[{"name":"wp","href":"https:\/\/api.w.org\/{rel}","templated":true}]}}