{"id":59726,"date":"2025-01-22T10:50:25","date_gmt":"2025-01-22T14:50:25","guid":{"rendered":"https:\/\/www.brazilianpress.com\/v1\/?p=59726"},"modified":"2025-01-22T10:50:25","modified_gmt":"2025-01-22T14:50:25","slug":"video-de-pablo-marcal-com-donald-trump-provocou-ciumeira-entre-apoiadores-de-bolsonaro","status":"publish","type":"post","link":"https:\/\/www.brazilianpress.com\/v1\/2025\/01\/22\/video-de-pablo-marcal-com-donald-trump-provocou-ciumeira-entre-apoiadores-de-bolsonaro\/","title":{"rendered":"V\u00eddeo de Pablo Mar\u00e7al com Donald Trump provocou &#8220;ciumeira&#8221; entre apoiadores de Bolsonaro"},"content":{"rendered":"<p><strong>Aliados do ex-presidente Jair Bolsonaro (PL) afirmam que o v\u00eddeo divulgado por Pablo Mar\u00e7al (PRTB) em que o coach aparece ao lado de Donald Trump \u00e9 \u201coportunista\u201d. Membros da comitiva bolsonarista que foi aos Estados Unidos para participar de eventos oficiais ligados ao cerimonial da posse questionam a data em que as imagens teriam sido feitas e dizem que Mar\u00e7al usou grava\u00e7\u00f5es de outros eventos em que esteve com Trump, antes do retorno dele \u00e0 Casa Branca.<\/strong><\/p>\n<p>Outros questionam se o v\u00eddeo \u00e9 mesmo real ou se \u00e9 feito por intelig\u00eancia artificial. Procurada pela CNN, a assessoria de imprensa de Pablo Mar\u00e7al afirmou que \u201cele n\u00e3o deu detalhes ainda sobre local e data\u201d. A assessoria de Mar\u00e7al havia enviado um comunicado \u00e0 imprensa antes da posse dizendo que o influenciador \u201cplenejava\u201d um encontro com Trump.<\/p>\n<div class=\"mnmd-responsive-video\"><iframe loading=\"lazy\" title=\"PABLO MAR\u00c7AL ENCONTRA DONALD TRUMP E PEDE QUE ELE &#039;SALVE O BRASIL&#039;\" width=\"1200\" height=\"675\" src=\"https:\/\/www.youtube.com\/embed\/qxebrgNy2mE?feature=oembed\" frameborder=\"0\" allow=\"accelerometer; autoplay; clipboard-write; encrypted-media; gyroscope; picture-in-picture; web-share\" referrerpolicy=\"strict-origin-when-cross-origin\" allowfullscreen><\/iframe><\/div>\n<p>Depois do registro, a equipe de Mar\u00e7al enviou novo comunicado exaltando o encontro, mas n\u00e3o esclareceu a data. Chama aten\u00e7\u00e3o no v\u00eddeo o fato de Trump estar de terno e gravata, e n\u00e3o com o traje de gala caracter\u00edstico dos eventos da posse. Em respostas a seguidores nas redes sociais, Mar\u00e7al satirizou a possibilidade do v\u00eddeo ser antigo. \u201cEu tava com 12 anos de idade e ele com 40 anos. Entramos na m\u00e1quina do Tempo. Dif\u00edcil aceitar a realidade\u201d, disse.<\/p>\n<p><img src=\"https:\/\/veja.abril.com.br\/wp-content\/uploads\/2025\/01\/pablo-marcal-donald-trump-2.jpeg?crop=1&amp;resize=1212,909\" alt=\"Mar\u00e7al posta v\u00eddeo com Trump nos EUA e pede que am... | VEJA\" \/><\/p>\n<p>Na grava\u00e7\u00e3o, Mar\u00e7al pede, em ingl\u00eas, para Trump salvar a Am\u00e9rica e salvar o Brasil. Ele responde: Brasil, we like Brasil (\u201cBrasil, n\u00f3s gostamos do Brasil\u201d, em tradu\u00e7\u00e3o livre). Na publica\u00e7\u00e3o, o pol\u00edtico disse que o encontro foi \u201co acesso mais dif\u00edcil\u201d de toda a vida dele. Afirma ainda que foi \u201cquase imposs\u00edvel gravar esse v\u00eddeo\u201d, porque \u201co Servi\u00e7o Secreto n\u00e3o deixa chegar perto dele\u201d.<\/p>\n","protected":false},"excerpt":{"rendered":"<p>Aliados do ex-presidente Jair Bolsonaro (PL) afirmam que o v\u00eddeo divulgado por Pablo Mar\u00e7al (PRTB) em que o coach aparece ao lado de Donald Trump \u00e9 \u201coportunista\u201d. Membros da comitiva bolsonarista que foi aos Estados Unidos para participar de eventos oficiais ligados ao cerimonial da posse questionam a data em que as imagens teriam sido feitas e dizem que Mar\u00e7al usou grava\u00e7\u00f5es de outros eventos em que esteve com Trump, antes do retorno dele \u00e0 Casa Branca. Outros questionam se o v\u00eddeo \u00e9 mesmo real ou se \u00e9 feito por intelig\u00eancia artificial. Procurada pela CNN, a assessoria de imprensa de [&hellip;]<\/p>\n","protected":false},"author":1,"featured_media":59727,"comment_status":"open","ping_status":"closed","sticky":false,"template":"","format":"standard","meta":{"_links_to":"","_links_to_target":""},"categories":[4,3,1],"tags":[],"views":789,"_links":{"self":[{"href":"https:\/\/www.brazilianpress.com\/v1\/wp-json\/wp\/v2\/posts\/59726"}],"collection":[{"href":"https:\/\/www.brazilianpress.com\/v1\/wp-json\/wp\/v2\/posts"}],"about":[{"href":"https:\/\/www.brazilianpress.com\/v1\/wp-json\/wp\/v2\/types\/post"}],"author":[{"embeddable":true,"href":"https:\/\/www.brazilianpress.com\/v1\/wp-json\/wp\/v2\/users\/1"}],"replies":[{"embeddable":true,"href":"https:\/\/www.brazilianpress.com\/v1\/wp-json\/wp\/v2\/comments?post=59726"}],"version-history":[{"count":1,"href":"https:\/\/www.brazilianpress.com\/v1\/wp-json\/wp\/v2\/posts\/59726\/revisions"}],"predecessor-version":[{"id":59728,"href":"https:\/\/www.brazilianpress.com\/v1\/wp-json\/wp\/v2\/posts\/59726\/revisions\/59728"}],"wp:featuredmedia":[{"embeddable":true,"href":"https:\/\/www.brazilianpress.com\/v1\/wp-json\/wp\/v2\/media\/59727"}],"wp:attachment":[{"href":"https:\/\/www.brazilianpress.com\/v1\/wp-json\/wp\/v2\/media?parent=59726"}],"wp:term":[{"taxonomy":"category","embeddable":true,"href":"https:\/\/www.brazilianpress.com\/v1\/wp-json\/wp\/v2\/categories?post=59726"},{"taxonomy":"post_tag","embeddable":true,"href":"https:\/\/www.brazilianpress.com\/v1\/wp-json\/wp\/v2\/tags?post=59726"}],"curies":[{"name":"wp","href":"https:\/\/api.w.org\/{rel}","templated":true}]}}