{"id":59754,"date":"2025-01-26T06:50:48","date_gmt":"2025-01-26T10:50:48","guid":{"rendered":"https:\/\/www.brazilianpress.com\/v1\/?p=59754"},"modified":"2025-01-26T06:50:48","modified_gmt":"2025-01-26T10:50:48","slug":"humilhacao-video-mostra-brasileiros-deportados-dos-eua-chegando-algemados-em-manaus-governo-do-brasil-protestou","status":"publish","type":"post","link":"https:\/\/www.brazilianpress.com\/v1\/2025\/01\/26\/humilhacao-video-mostra-brasileiros-deportados-dos-eua-chegando-algemados-em-manaus-governo-do-brasil-protestou\/","title":{"rendered":"Humilha\u00e7\u00e3o: V\u00eddeo mostra brasileiros deportados dos EUA chegando algemados em Manaus. Governo do Brasil protestou"},"content":{"rendered":"<p><strong>Um grupo de 88 brasileiros deportados dos Estados Unidos desembarcou no Aeroporto Internacional Eduardo Gomes, em Manaus, sob condi\u00e7\u00f5es que causaram revolta e como\u00e7\u00e3o. Em um v\u00eddeo que circula nas redes sociais, os deportados aparecem descendo do avi\u00e3o algemados, com os p\u00e9s presos e, em alguns casos, encapuzados. A cena chocante foi acompanhada por uma calorosa recep\u00e7\u00e3o de uma pessoa presente no local, que declarou: \u201cBem-vindos de volta\u201d.<\/strong><\/p>\n<p>O grupo permaneceu a noite toda em um sal\u00e3o do aeroporto, ap\u00f3s o voo que os levaria a Belo Horizonte ser cancelado. O epis\u00f3dio gerou uma r\u00e1pida resposta do governo brasileiro, que determinou a retirada imediata das algemas. Em nota, o Minist\u00e9rio da Justi\u00e7a classificou o uso das restri\u00e7\u00f5es como um \u201cflagrante desrespeito aos direitos fundamentais\u201d dos cidad\u00e3os brasileiros.<\/p>\n<p>A pasta informou que o presidente Luiz In\u00e1cio Lula da Silva (PT) foi notificado do ocorrido e ordenou a mobiliza\u00e7\u00e3o da For\u00e7a A\u00e9rea Brasileira (FAB) para garantir que os deportados cheguem ao destino final, o Aeroporto de Confins, em Belo Horizonte, \u201ccom dignidade e seguran\u00e7a\u201d.<\/p>\n<p><img src=\"https:\/\/s2-valor.glbimg.com\/DVDJc_ByjBc6ZeUpChfKuh0fhyQ=\/0x0:1199x600\/984x0\/smart\/filters:strip_icc()\/i.s3.glbimg.com\/v1\/AUTH_63b422c2caee4269b8b34177e8876b93\/internal_photos\/bs\/2025\/9\/v\/6jwZZ4Q6CzkGHmVR3VRw\/captura-de-tela-2025-01-25-112248.png\" alt=\"Brasileiros deportados dos EUA ficam em colch\u00f5es no ch\u00e3o e recebem alimentos enquanto aguardam voo da FAB em Manaus | Brasil | Valor Econ\u00f4mico\" \/><\/p>\n<p>\u201cO Minist\u00e9rio da Justi\u00e7a e Seguran\u00e7a P\u00fablica enfatiza que a dignidade da pessoa humana \u00e9 um princ\u00edpio basilar da Constitui\u00e7\u00e3o Federal e um dos pilares do Estado Democr\u00e1tico de Direito, configurando valores inegoci\u00e1veis\u201d, concluiu a nota oficial. O caso exp\u00f5e tens\u00f5es diplom\u00e1ticas e reacende o debate sobre o tratamento de deportados em processos migrat\u00f3rios, especialmente no contexto de rela\u00e7\u00f5es entre Brasil e Estados Unidos.<\/p>\n<p><strong>Tratamento &#8220;desumano&#8221;<\/strong><\/p>\n<p>Na manh\u00e3 deste s\u00e1bado (25), um grupo de brasileiros deportados dos Estados Unidos chegou ao Aeroporto de Confins, em Minas Gerais, trazendo consigo relatos de agress\u00f5es sofridas durante o voo de repatria\u00e7\u00e3o. O epis\u00f3dio ocorreu na noite da \u00faltima sexta-feira (24), ap\u00f3s uma parada em Manaus, onde a Pol\u00edcia Federal precisou intervir.<\/p>\n<div class=\"mnmd-responsive-video\"><iframe loading=\"lazy\" title=\"DEPORTADOS CHEGAM A BH E RECLAMAM DE AGRESS\u00d5ES DE AGENTES AMERICANOS\" width=\"1200\" height=\"675\" src=\"https:\/\/www.youtube.com\/embed\/CvVNF-kq0FE?feature=oembed\" frameborder=\"0\" allow=\"accelerometer; autoplay; clipboard-write; encrypted-media; gyroscope; picture-in-picture; web-share\" referrerpolicy=\"strict-origin-when-cross-origin\" allowfullscreen><\/iframe><\/div>\n<p>Os imigrantes afirmaram que as agress\u00f5es aconteceram enquanto a aeronave estava em solo no Panam\u00e1, devido a uma falha t\u00e9cnica em um dos motores que atrasou a viagem. Durante a espera, os deportados permaneceram dentro da aeronave sob condi\u00e7\u00f5es adversas, enfrentando calor, falta de acesso adequado a banheiros e escassez de alimentos.<\/p>\n<div class=\"mnmd-responsive-video\"><iframe loading=\"lazy\" title=\"Brasileiros deportados dos EUA relatam agress\u00f5es em voo de repatria\u00e7\u00e3o; Veja relatos\" width=\"1200\" height=\"675\" src=\"https:\/\/www.youtube.com\/embed\/uqbzGEVOa3E?feature=oembed\" frameborder=\"0\" allow=\"accelerometer; autoplay; clipboard-write; encrypted-media; gyroscope; picture-in-picture; web-share\" referrerpolicy=\"strict-origin-when-cross-origin\" allowfullscreen><\/iframe><\/div>\n<p>A situa\u00e7\u00e3o saiu do controle quando alguns passageiros come\u00e7aram a protestar. Segundo os relatos, a resposta dos agentes americanos foi imediata e violenta, incluindo agress\u00f5es f\u00edsicas a mulheres e crian\u00e7as. Muitos dos deportados chegaram a Manaus com marcas vis\u00edveis, resultado do uso abusivo de algemas.<\/p>\n<div class=\"mnmd-responsive-video\"><iframe loading=\"lazy\" title=\"Deportado relata fome, falta de ar-condicionado e agress\u00f5es\" width=\"1200\" height=\"675\" src=\"https:\/\/www.youtube.com\/embed\/J9jh3CVBAAo?feature=oembed\" frameborder=\"0\" allow=\"accelerometer; autoplay; clipboard-write; encrypted-media; gyroscope; picture-in-picture; web-share\" referrerpolicy=\"strict-origin-when-cross-origin\" allowfullscreen><\/iframe><\/div>\n<p>Ap\u00f3s o pouso em Manaus, a Pol\u00edcia Federal ordenou a retirada das algemas de alguns passageiros e iniciou a coleta de depoimentos. O caso ganhou maior repercuss\u00e3o quando o Itamaraty anunciou que buscar\u00e1 explica\u00e7\u00f5es do governo americano sobre os maus-tratos relatados.<\/p>\n<div class=\"mnmd-responsive-video\"><iframe loading=\"lazy\" title=\"DEPORTADOS CANTAM HINO NACIONAL AP\u00d3S SEREM SOLTOS POR AGENTES FEDERAIS BRASILEIROS\" width=\"1200\" height=\"675\" src=\"https:\/\/www.youtube.com\/embed\/Zbzh_Quzmpc?feature=oembed\" frameborder=\"0\" allow=\"accelerometer; autoplay; clipboard-write; encrypted-media; gyroscope; picture-in-picture; web-share\" referrerpolicy=\"strict-origin-when-cross-origin\" allowfullscreen><\/iframe><\/div>\n<p>O ministro das Rela\u00e7\u00f5es Exteriores, Mauro Vieira, esteve em Manaus para ouvir os depoimentos das v\u00edtimas e discutir o caso com autoridades locais. J\u00e1 a ministra dos Direitos Humanos, Maca\u00e9 Evaristo, condenou as a\u00e7\u00f5es violentas e ressaltou que pol\u00edticas migrat\u00f3rias n\u00e3o podem justificar abusos contra os direitos humanos. Os deportados desabafaram com a imprensa em Confins, exibindo marcas f\u00edsicas e emocionais da experi\u00eancia. As den\u00fancias reacenderam debates sobre o tratamento de migrantes em voos de repatria\u00e7\u00e3o e refor\u00e7aram a necessidade de supervis\u00e3o internacional para evitar abusos.<\/p>\n","protected":false},"excerpt":{"rendered":"<p>Um grupo de 88 brasileiros deportados dos Estados Unidos desembarcou no Aeroporto Internacional Eduardo Gomes, em Manaus, sob condi\u00e7\u00f5es que causaram revolta e como\u00e7\u00e3o. Em um v\u00eddeo que circula nas redes sociais, os deportados aparecem descendo do avi\u00e3o algemados, com os p\u00e9s presos e, em alguns casos, encapuzados. A cena chocante foi acompanhada por uma calorosa recep\u00e7\u00e3o de uma pessoa presente no local, que declarou: \u201cBem-vindos de volta\u201d. O grupo permaneceu a noite toda em um sal\u00e3o do aeroporto, ap\u00f3s o voo que os levaria a Belo Horizonte ser cancelado. O epis\u00f3dio gerou uma r\u00e1pida resposta do governo brasileiro, que [&hellip;]<\/p>\n","protected":false},"author":1,"featured_media":59755,"comment_status":"open","ping_status":"closed","sticky":false,"template":"","format":"standard","meta":{"_links_to":"","_links_to_target":""},"categories":[7,3,1],"tags":[],"views":2142,"_links":{"self":[{"href":"https:\/\/www.brazilianpress.com\/v1\/wp-json\/wp\/v2\/posts\/59754"}],"collection":[{"href":"https:\/\/www.brazilianpress.com\/v1\/wp-json\/wp\/v2\/posts"}],"about":[{"href":"https:\/\/www.brazilianpress.com\/v1\/wp-json\/wp\/v2\/types\/post"}],"author":[{"embeddable":true,"href":"https:\/\/www.brazilianpress.com\/v1\/wp-json\/wp\/v2\/users\/1"}],"replies":[{"embeddable":true,"href":"https:\/\/www.brazilianpress.com\/v1\/wp-json\/wp\/v2\/comments?post=59754"}],"version-history":[{"count":1,"href":"https:\/\/www.brazilianpress.com\/v1\/wp-json\/wp\/v2\/posts\/59754\/revisions"}],"predecessor-version":[{"id":59756,"href":"https:\/\/www.brazilianpress.com\/v1\/wp-json\/wp\/v2\/posts\/59754\/revisions\/59756"}],"wp:featuredmedia":[{"embeddable":true,"href":"https:\/\/www.brazilianpress.com\/v1\/wp-json\/wp\/v2\/media\/59755"}],"wp:attachment":[{"href":"https:\/\/www.brazilianpress.com\/v1\/wp-json\/wp\/v2\/media?parent=59754"}],"wp:term":[{"taxonomy":"category","embeddable":true,"href":"https:\/\/www.brazilianpress.com\/v1\/wp-json\/wp\/v2\/categories?post=59754"},{"taxonomy":"post_tag","embeddable":true,"href":"https:\/\/www.brazilianpress.com\/v1\/wp-json\/wp\/v2\/tags?post=59754"}],"curies":[{"name":"wp","href":"https:\/\/api.w.org\/{rel}","templated":true}]}}