{"id":59797,"date":"2025-02-02T13:37:05","date_gmt":"2025-02-02T17:37:05","guid":{"rendered":"https:\/\/www.brazilianpress.com\/v1\/?p=59797"},"modified":"2025-02-02T13:37:05","modified_gmt":"2025-02-02T17:37:05","slug":"flamenguistas-nos-eua-cancelam-festa-por-medo-de-deportacao-em-massa","status":"publish","type":"post","link":"https:\/\/www.brazilianpress.com\/v1\/2025\/02\/02\/flamenguistas-nos-eua-cancelam-festa-por-medo-de-deportacao-em-massa\/","title":{"rendered":"Flamenguistas nos EUA cancelam festa por medo de deporta\u00e7\u00e3o em massa"},"content":{"rendered":"<p><strong>A FLA USA New England, uma torcida organizada do Flamengo nos Estados Unidos, cancelou a transmiss\u00e3o da final da Supercopa do Brasil contra o Botafogo. A decis\u00e3o foi tomada diante da preocupa\u00e7\u00e3o com a recente pol\u00edtica de imigra\u00e7\u00e3o adotada pelo presidente Donald Trump, que tem gerado receio entre os imigrantes.<\/strong><\/p>\n<p>Desde que assumiu a presid\u00eancia em 20 de janeiro, Trump emitiu uma s\u00e9rie de ordens executivas relacionadas com a imigra\u00e7\u00e3o. Entre as medidas anunciadas, est\u00e1 o endurecimento da fiscaliza\u00e7\u00e3o e a promessa de realizar a maior deporta\u00e7\u00e3o em massa da hist\u00f3ria do pa\u00eds, afetando milh\u00f5es de imigrantes sem documenta\u00e7\u00e3o regular.<\/p>\n<p><strong>Preocupa\u00e7\u00e3o com seguran\u00e7a<\/strong><\/p>\n<p>Em comunicado, a FLA USA New England explicou que a decis\u00e3o de cancelar o evento foi motivada pelo temor de seus membros em rela\u00e7\u00e3o a poss\u00edveis opera\u00e7\u00f5es policiais e a\u00e7\u00f5es imigrat\u00f3rias. O diretor administrativo da torcida, Manny Mizael, detalhou a situa\u00e7\u00e3o.<\/p>\n<p>&#8220;Antes de cada evento, sempre realizamos enquetes para estimar a participa\u00e7\u00e3o e tamb\u00e9m observamos a rea\u00e7\u00e3o dos membros nos nossos grupos de WhatsApp. Quando a resposta \u00e9 positiva, sabemos que o p\u00fablico ser\u00e1 grande. No caso desse evento, percebemos uma preocupa\u00e7\u00e3o significativa entre os membros da nossa torcida. Muitos estavam apreensivos com seu pr\u00f3prio status imigrat\u00f3rio, enquanto outros se preocupavam com amigos e familiares nessa situa\u00e7\u00e3o. Diante disso, optamos por cancelar o evento para evitar aglomera\u00e7\u00f5es e respeitar essas preocupa\u00e7\u00f5es&#8221;, afirmou.<\/p>\n<p>A FLA USA New England \u00e9 a maior embaixada do Flamengo fora do Brasil e j\u00e1 realizou eventos que reuniram mais de 700 torcedores. O grupo tamb\u00e9m acompanhou a equipe rubro-negra durante a pr\u00e9-temporada realizada no pa\u00eds no in\u00edcio deste ano.<\/p>\n<p>&#8220;Tenho visto muitos relatos e v\u00eddeos circulando sobre a\u00e7\u00f5es da pol\u00edcia de imigra\u00e7\u00e3o e pris\u00f5es. Infelizmente, \u00e9 importante destacar que h\u00e1 tamb\u00e9m muita desinforma\u00e7\u00e3o e alguns desses v\u00eddeos s\u00e3o falsos. Eu nunca tive nenhum problema, at\u00e9 porque sou cidad\u00e3o americano, mas ouvi relatos de pessoas pr\u00f3ximas, que considero confi\u00e1veis, sobre amigos e familiares que est\u00e3o passando por isso. Era algo que j\u00e1 esper\u00e1vamos, pois \u00e9 a pol\u00edtica desse governo. Foi assim no mandato anterior e ele deixou claro que seguiria da mesma forma agora. O que lamentamos \u00e9 a afli\u00e7\u00e3o que tem causado em muitas pessoas.&#8221;<\/p>\n<p>Apesar do cen\u00e1rio de incerteza, Mizael acredita que a situa\u00e7\u00e3o ser\u00e1 tempor\u00e1ria e que, com o tempo, os encontros da torcida poder\u00e3o ser retomados.<\/p>\n<p>&#8220;Essa deporta\u00e7\u00e3o em massa j\u00e1 est\u00e1 gerando problemas s\u00e9rios aqui, inclusive na economia, na constru\u00e7\u00e3o, na agricultura e em v\u00e1rios setores de trabalho. As pessoas n\u00e3o est\u00e3o indo trabalhar com medo da imigra\u00e7\u00e3o, gera mal-estar econ\u00f4mico no pa\u00eds. Acredito que em breve as coisas v\u00e3o se normalizar e a nossa torcida tamb\u00e9m vai poder se reunir com tranquilidade&#8221;, disse.<\/p>\n<p><strong>Outras embaixadas mant\u00eam eventos<\/strong><\/p>\n<p>Embora a FLA USA New England tenha cancelado a transmiss\u00e3o da final da Supercopa do Brasil, outras embaixadas do Flamengo nos Estados Unidos seguir\u00e3o com seus eventos normalmente. Gladson Almeida, representante da FLA USA Fl\u00f3rida, afirmou que a festa para a decis\u00e3o est\u00e1 mantida e ressaltou que a preocupa\u00e7\u00e3o se restringe a imigrantes em situa\u00e7\u00e3o irregular e com pend\u00eancias na Justi\u00e7a. Ele garantiu que a embaixada recebeu informa\u00e7\u00f5es tranquilizadoras sobre a situa\u00e7\u00e3o. Em cidades como Houston, Miami, Orlando e Nova York, os encontros dos torcedores rubro-negros ocorrer\u00e3o sem altera\u00e7\u00f5es. O Flamengo enfrenta o Botafogo no domingo (2), \u00e0s 16h (hor\u00e1rio de Bras\u00edlia), no Est\u00e1dio Mangueir\u00e3o, em Bel\u00e9m, na disputa pelo t\u00edtulo da Supercopa do Brasil.<\/p>\n","protected":false},"excerpt":{"rendered":"<p>A FLA USA New England, uma torcida organizada do Flamengo nos Estados Unidos, cancelou a transmiss\u00e3o da final da Supercopa do Brasil contra o Botafogo. A decis\u00e3o foi tomada diante da preocupa\u00e7\u00e3o com a recente pol\u00edtica de imigra\u00e7\u00e3o adotada pelo presidente Donald Trump, que tem gerado receio entre os imigrantes. Desde que assumiu a presid\u00eancia em 20 de janeiro, Trump emitiu uma s\u00e9rie de ordens executivas relacionadas com a imigra\u00e7\u00e3o. Entre as medidas anunciadas, est\u00e1 o endurecimento da fiscaliza\u00e7\u00e3o e a promessa de realizar a maior deporta\u00e7\u00e3o em massa da hist\u00f3ria do pa\u00eds, afetando milh\u00f5es de imigrantes sem documenta\u00e7\u00e3o regular. [&hellip;]<\/p>\n","protected":false},"author":1,"featured_media":59798,"comment_status":"open","ping_status":"closed","sticky":false,"template":"","format":"standard","meta":{"_links_to":"","_links_to_target":""},"categories":[4,3,1],"tags":[],"views":1132,"_links":{"self":[{"href":"https:\/\/www.brazilianpress.com\/v1\/wp-json\/wp\/v2\/posts\/59797"}],"collection":[{"href":"https:\/\/www.brazilianpress.com\/v1\/wp-json\/wp\/v2\/posts"}],"about":[{"href":"https:\/\/www.brazilianpress.com\/v1\/wp-json\/wp\/v2\/types\/post"}],"author":[{"embeddable":true,"href":"https:\/\/www.brazilianpress.com\/v1\/wp-json\/wp\/v2\/users\/1"}],"replies":[{"embeddable":true,"href":"https:\/\/www.brazilianpress.com\/v1\/wp-json\/wp\/v2\/comments?post=59797"}],"version-history":[{"count":1,"href":"https:\/\/www.brazilianpress.com\/v1\/wp-json\/wp\/v2\/posts\/59797\/revisions"}],"predecessor-version":[{"id":59799,"href":"https:\/\/www.brazilianpress.com\/v1\/wp-json\/wp\/v2\/posts\/59797\/revisions\/59799"}],"wp:featuredmedia":[{"embeddable":true,"href":"https:\/\/www.brazilianpress.com\/v1\/wp-json\/wp\/v2\/media\/59798"}],"wp:attachment":[{"href":"https:\/\/www.brazilianpress.com\/v1\/wp-json\/wp\/v2\/media?parent=59797"}],"wp:term":[{"taxonomy":"category","embeddable":true,"href":"https:\/\/www.brazilianpress.com\/v1\/wp-json\/wp\/v2\/categories?post=59797"},{"taxonomy":"post_tag","embeddable":true,"href":"https:\/\/www.brazilianpress.com\/v1\/wp-json\/wp\/v2\/tags?post=59797"}],"curies":[{"name":"wp","href":"https:\/\/api.w.org\/{rel}","templated":true}]}}