{"id":598,"date":"2013-05-23T10:44:48","date_gmt":"2013-05-23T14:44:48","guid":{"rendered":"http:\/\/www.brazilianpress.com\/v1\/?p=598"},"modified":"2013-05-30T09:27:30","modified_gmt":"2013-05-30T13:27:30","slug":"social-press-23052013","status":"publish","type":"post","link":"https:\/\/www.brazilianpress.com\/v1\/2013\/05\/23\/social-press-23052013\/","title":{"rendered":"Social Press . 23\/05\/2013"},"content":{"rendered":"<p><em><strong><img loading=\"lazy\" class=\"alignnone size-full wp-image-596\" alt=\"social press 1628 20130523 04\" src=\"http:\/\/www.brazilianpress.com\/v1\/wp-content\/uploads\/2013\/05\/social-press-1628-20130523-04.jpg\" width=\"450\" height=\"300\" srcset=\"https:\/\/www.brazilianpress.com\/v1\/wp-content\/uploads\/2013\/05\/social-press-1628-20130523-04.jpg 450w, https:\/\/www.brazilianpress.com\/v1\/wp-content\/uploads\/2013\/05\/social-press-1628-20130523-04-300x200.jpg 300w\" sizes=\"(max-width: 450px) 100vw, 450px\" \/><br \/>\nCom saborosos pratos, que inclui frutos do Mar e o famoso Churrasco, al\u00e9m da anima\u00e7\u00e3o da M\u00fasica ao Vivo, o Boi na Brasa \u00e9 parada obrigat\u00f3ria para quem est\u00e1 pronto para celebrar o Ver\u00e3o com muita Alegria!<\/strong><\/em><\/p>\n<p><em><strong><img loading=\"lazy\" class=\"alignnone size-full wp-image-593\" alt=\"social press 1628 20130523 01\" src=\"http:\/\/www.brazilianpress.com\/v1\/wp-content\/uploads\/2013\/05\/social-press-1628-20130523-01.jpg\" width=\"350\" height=\"526\" srcset=\"https:\/\/www.brazilianpress.com\/v1\/wp-content\/uploads\/2013\/05\/social-press-1628-20130523-01.jpg 350w, https:\/\/www.brazilianpress.com\/v1\/wp-content\/uploads\/2013\/05\/social-press-1628-20130523-01-199x300.jpg 199w\" sizes=\"(max-width: 350px) 100vw, 350px\" \/><br \/>\nQuem aniversaria amanh\u00e3 \u00e9 nossa querida Cleide Pires, que al\u00e9m de grande amiga, \u00e9 tamb\u00e9m a nossa grande companheira aqui na Reda\u00e7\u00e3o do Brazilian Press. Deus te Ilumine grandemente!<\/strong><\/em><\/p>\n<p><em><strong><img loading=\"lazy\" class=\"alignnone size-full wp-image-594\" alt=\"social press 1628 20130523 02\" src=\"http:\/\/www.brazilianpress.com\/v1\/wp-content\/uploads\/2013\/05\/social-press-1628-20130523-02.jpg\" width=\"350\" height=\"526\" srcset=\"https:\/\/www.brazilianpress.com\/v1\/wp-content\/uploads\/2013\/05\/social-press-1628-20130523-02.jpg 350w, https:\/\/www.brazilianpress.com\/v1\/wp-content\/uploads\/2013\/05\/social-press-1628-20130523-02-199x300.jpg 199w\" sizes=\"(max-width: 350px) 100vw, 350px\" \/><br \/>\nO diretor Chris Wedge, dos sucessos \u201cIce Age\u201d, \u201cRio\u201d e \u201cEpic 3D\u201d, que estreia amanh\u00e3, tamb\u00e9m l\u00ea o Brazilian Press. N\u00e3o faz plim-plim, mas d\u00e1 o maior Ibope!<\/strong><\/em><\/p>\n<p><em><strong><img loading=\"lazy\" class=\"alignnone size-full wp-image-595\" alt=\"social press 1628 20130523 03\" src=\"http:\/\/www.brazilianpress.com\/v1\/wp-content\/uploads\/2013\/05\/social-press-1628-20130523-03.jpg\" width=\"450\" height=\"300\" srcset=\"https:\/\/www.brazilianpress.com\/v1\/wp-content\/uploads\/2013\/05\/social-press-1628-20130523-03.jpg 450w, https:\/\/www.brazilianpress.com\/v1\/wp-content\/uploads\/2013\/05\/social-press-1628-20130523-03-300x200.jpg 300w\" sizes=\"(max-width: 450px) 100vw, 450px\" \/><br \/>\nProcurando um restaurante de qualidade, com variedade no card\u00e1pio t\u00edpico brasileiro e atendimento aconchegante? Visite o Casa Nova Grill e confira!<\/strong><\/em><\/p>\n<p><em><strong><img loading=\"lazy\" class=\"alignnone size-full wp-image-597\" alt=\"social press 1628 20130523 05\" src=\"http:\/\/www.brazilianpress.com\/v1\/wp-content\/uploads\/2013\/05\/social-press-1628-20130523-05.jpg\" width=\"450\" height=\"300\" srcset=\"https:\/\/www.brazilianpress.com\/v1\/wp-content\/uploads\/2013\/05\/social-press-1628-20130523-05.jpg 450w, https:\/\/www.brazilianpress.com\/v1\/wp-content\/uploads\/2013\/05\/social-press-1628-20130523-05-300x200.jpg 300w\" sizes=\"(max-width: 450px) 100vw, 450px\" \/><br \/>\nJohn Wildman, senior publicist do Film Society of Lincoln Center, convidou amigos e jornalistas para apresentar seu projeto no s\u00e1bado passado, um filme que ser\u00e1 lan\u00e7ado no fim do ano. Sucesso!<\/strong><\/em><\/p>\n<p><em><strong><img loading=\"lazy\" class=\"alignnone size-full wp-image-599\" alt=\"social press 1628 20130523 06\" src=\"http:\/\/www.brazilianpress.com\/v1\/wp-content\/uploads\/2013\/05\/social-press-1628-20130523-06.jpg\" width=\"450\" height=\"300\" srcset=\"https:\/\/www.brazilianpress.com\/v1\/wp-content\/uploads\/2013\/05\/social-press-1628-20130523-06.jpg 450w, https:\/\/www.brazilianpress.com\/v1\/wp-content\/uploads\/2013\/05\/social-press-1628-20130523-06-300x200.jpg 300w\" sizes=\"(max-width: 450px) 100vw, 450px\" \/><br \/>\nPetula, J\u00falia, L\u00facia Ciola e Reinaldo \u201cObama\u201d, participaram do Semin\u00e1rio de Imigra\u00e7\u00e3o realizado pela Firma Koehler &amp; Isaacs, na quarta passada no Ironbound.<\/strong><\/em><\/p>\n<p><em><strong><img loading=\"lazy\" class=\"alignnone size-full wp-image-600\" alt=\"social press 1628 20130523 07\" src=\"http:\/\/www.brazilianpress.com\/v1\/wp-content\/uploads\/2013\/05\/social-press-1628-20130523-07.jpg\" width=\"450\" height=\"338\" srcset=\"https:\/\/www.brazilianpress.com\/v1\/wp-content\/uploads\/2013\/05\/social-press-1628-20130523-07.jpg 450w, https:\/\/www.brazilianpress.com\/v1\/wp-content\/uploads\/2013\/05\/social-press-1628-20130523-07-300x225.jpg 300w\" sizes=\"(max-width: 450px) 100vw, 450px\" \/><br \/>\nDona Vera L\u00facia, T\u00fa \u00e9s divina e graciosa, majestosa, cheia de amor e gra\u00e7a, por Deus estruturada. T\u00fa \u00e9s a minha eterna flor, meu amor, minha mam\u00e3e. Feliz Anivers\u00e1rio, seu filho J\u00fanior Schutt Costa.<\/strong><\/em><\/p>\n<p><em><strong><img loading=\"lazy\" class=\"alignnone size-full wp-image-601\" alt=\"social press 1628 20130523 08\" src=\"http:\/\/www.brazilianpress.com\/v1\/wp-content\/uploads\/2013\/05\/social-press-1628-20130523-08.jpg\" width=\"350\" height=\"526\" srcset=\"https:\/\/www.brazilianpress.com\/v1\/wp-content\/uploads\/2013\/05\/social-press-1628-20130523-08.jpg 350w, https:\/\/www.brazilianpress.com\/v1\/wp-content\/uploads\/2013\/05\/social-press-1628-20130523-08-199x300.jpg 199w\" sizes=\"(max-width: 350px) 100vw, 350px\" \/><br \/>\nSauda\u00e7\u00f5es a Nick, e todos os organizadores que participaram da abertura do Evento Summer Talks no Lincoln Center, quinta passada. Visite <a href=\"http:\/\/www.filmlinc.com\/\">www.filmlinc.com<\/a> para detalhes.<\/strong><\/em><\/p>\n<p><em><strong><img loading=\"lazy\" class=\"alignnone size-full wp-image-602\" alt=\"social press 1628 20130523 09\" src=\"http:\/\/www.brazilianpress.com\/v1\/wp-content\/uploads\/2013\/05\/social-press-1628-20130523-09.jpg\" width=\"450\" height=\"300\" srcset=\"https:\/\/www.brazilianpress.com\/v1\/wp-content\/uploads\/2013\/05\/social-press-1628-20130523-09.jpg 450w, https:\/\/www.brazilianpress.com\/v1\/wp-content\/uploads\/2013\/05\/social-press-1628-20130523-09-300x200.jpg 300w\" sizes=\"(max-width: 450px) 100vw, 450px\" \/><br \/>\nA talentosa cantora e cavaquinista carioca Veronica Nunes, deu um showza\u00e7o no lan\u00e7amento de seu CD, \u201cUma homenagem ao Samba\u201d, s\u00e1bado passado no Sugar Bar em Manhattan. Visite <a href=\"http:\/\/www.veronicanunes.com\/\">www.veronicanunes.com<\/a> para conhecer o trabalho desta artista encantadora.<\/strong><\/em><\/p>\n<p><em><strong><img loading=\"lazy\" class=\"alignnone size-full wp-image-603\" alt=\"social press 1628 20130523 10\" src=\"http:\/\/www.brazilianpress.com\/v1\/wp-content\/uploads\/2013\/05\/social-press-1628-20130523-10.jpg\" width=\"350\" height=\"526\" srcset=\"https:\/\/www.brazilianpress.com\/v1\/wp-content\/uploads\/2013\/05\/social-press-1628-20130523-10.jpg 350w, https:\/\/www.brazilianpress.com\/v1\/wp-content\/uploads\/2013\/05\/social-press-1628-20130523-10-199x300.jpg 199w\" sizes=\"(max-width: 350px) 100vw, 350px\" \/><br \/>\nEsbanjando Charme: Diogo Monteiro e Susy Sunshine, curtindo as baladas de sexta a noite no Casa Nova Grill, lugar de gente Bonita!<\/strong><\/em><\/p>\n<p><em><strong><img loading=\"lazy\" class=\"alignnone size-full wp-image-604\" alt=\"social press 1628 20130523 11\" src=\"http:\/\/www.brazilianpress.com\/v1\/wp-content\/uploads\/2013\/05\/social-press-1628-20130523-11.jpg\" width=\"450\" height=\"300\" srcset=\"https:\/\/www.brazilianpress.com\/v1\/wp-content\/uploads\/2013\/05\/social-press-1628-20130523-11.jpg 450w, https:\/\/www.brazilianpress.com\/v1\/wp-content\/uploads\/2013\/05\/social-press-1628-20130523-11-300x200.jpg 300w\" sizes=\"(max-width: 450px) 100vw, 450px\" \/><br \/>\nA Rapaziada jovem e atraente, sempre presente no Agito do Boi na Brasa Grill, tocando o melhor Pagode de Newark, todos os fins de semana. Compare\u00e7a!<\/strong><\/em><\/p>\n<p><em><strong><img loading=\"lazy\" class=\"alignnone size-full wp-image-605\" alt=\"social press 1628 20130523 12\" src=\"http:\/\/www.brazilianpress.com\/v1\/wp-content\/uploads\/2013\/05\/social-press-1628-20130523-12.jpg\" width=\"450\" height=\"300\" srcset=\"https:\/\/www.brazilianpress.com\/v1\/wp-content\/uploads\/2013\/05\/social-press-1628-20130523-12.jpg 450w, https:\/\/www.brazilianpress.com\/v1\/wp-content\/uploads\/2013\/05\/social-press-1628-20130523-12-300x200.jpg 300w\" sizes=\"(max-width: 450px) 100vw, 450px\" \/><br \/>\nAp\u00f3s o agito do fim de semana, a Gata Marli Paulino, foi saborear as del\u00edcias do Altas Horas Lanches, e sorridente, sempre conquista os cora\u00e7\u00f5es.<\/strong><\/em><\/p>\n<p><em><strong><img loading=\"lazy\" class=\"alignnone size-full wp-image-606\" alt=\"social press 1628 20130523 13\" src=\"http:\/\/www.brazilianpress.com\/v1\/wp-content\/uploads\/2013\/05\/social-press-1628-20130523-13.jpg\" width=\"450\" height=\"300\" srcset=\"https:\/\/www.brazilianpress.com\/v1\/wp-content\/uploads\/2013\/05\/social-press-1628-20130523-13.jpg 450w, https:\/\/www.brazilianpress.com\/v1\/wp-content\/uploads\/2013\/05\/social-press-1628-20130523-13-300x200.jpg 300w\" sizes=\"(max-width: 450px) 100vw, 450px\" \/><br \/>\nUm forte abra\u00e7o ao nosso amigo Rodrigo, jovem exemplar e trabalhador, oferecendo a comunidade, doces e salgados caseiros, com um sabor irresist\u00edvel.<\/strong><\/em><\/p>\n<p><em><strong><img loading=\"lazy\" class=\"alignnone size-full wp-image-607\" alt=\"social press 1628 20130523 14\" src=\"http:\/\/www.brazilianpress.com\/v1\/wp-content\/uploads\/2013\/05\/social-press-1628-20130523-14.jpg\" width=\"450\" height=\"300\" srcset=\"https:\/\/www.brazilianpress.com\/v1\/wp-content\/uploads\/2013\/05\/social-press-1628-20130523-14.jpg 450w, https:\/\/www.brazilianpress.com\/v1\/wp-content\/uploads\/2013\/05\/social-press-1628-20130523-14-300x200.jpg 300w\" sizes=\"(max-width: 450px) 100vw, 450px\" \/><br \/>\nQuer aproveitar o Ver\u00e3o e conhecer outras Praias? Fl\u00f3rida? Calif\u00f3rnia? Visite a Francine\u2019s Travel no 93 Van Buren Street em Newark e agende suas F\u00e9rias com as melhores tarifas. Telefone: (973)522-1202<\/strong><\/em><\/p>\n<p><em><strong><img loading=\"lazy\" class=\"alignnone size-full wp-image-608\" alt=\"social press 1628 20130523 15\" src=\"http:\/\/www.brazilianpress.com\/v1\/wp-content\/uploads\/2013\/05\/social-press-1628-20130523-15.jpg\" width=\"450\" height=\"300\" srcset=\"https:\/\/www.brazilianpress.com\/v1\/wp-content\/uploads\/2013\/05\/social-press-1628-20130523-15.jpg 450w, https:\/\/www.brazilianpress.com\/v1\/wp-content\/uploads\/2013\/05\/social-press-1628-20130523-15-300x200.jpg 300w\" sizes=\"(max-width: 450px) 100vw, 450px\" \/><br \/>\nFelicita\u00e7\u00f5es a Elisia e toda equipe da Igreja Adventista que realizou o Programa de Solidariedade \u201cVida Por Vidas\u201d no Ironbound.<\/strong><\/em><\/p>\n<p><em><strong><img loading=\"lazy\" class=\"alignnone size-full wp-image-609\" alt=\"social press 1628 20130523 16\" src=\"http:\/\/www.brazilianpress.com\/v1\/wp-content\/uploads\/2013\/05\/social-press-1628-20130523-16.jpg\" width=\"450\" height=\"300\" srcset=\"https:\/\/www.brazilianpress.com\/v1\/wp-content\/uploads\/2013\/05\/social-press-1628-20130523-16.jpg 450w, https:\/\/www.brazilianpress.com\/v1\/wp-content\/uploads\/2013\/05\/social-press-1628-20130523-16-300x200.jpg 300w\" sizes=\"(max-width: 450px) 100vw, 450px\" \/><br \/>\nAs amigas Raquel Santana e Bia, num momento de descontra\u00e7\u00e3o e positividade no Paleio, todo domingo com o Karaok\u00ea do animador Rodrigo Costa, e o agito do Grupo ArtManha.<\/strong><\/em><\/p>\n","protected":false},"excerpt":{"rendered":"<p>Com saborosos pratos, que inclui frutos do Mar e o famoso Churrasco, al\u00e9m da anima\u00e7\u00e3o da M\u00fasica ao Vivo, o Boi na Brasa \u00e9 parada obrigat\u00f3ria para quem est\u00e1 pronto para celebrar o Ver\u00e3o com muita Alegria! Quem aniversaria amanh\u00e3 \u00e9 nossa querida Cleide Pires, que al\u00e9m de grande amiga, \u00e9 tamb\u00e9m a nossa grande companheira aqui na Reda\u00e7\u00e3o do Brazilian Press. Deus te Ilumine grandemente! O diretor Chris Wedge, dos sucessos \u201cIce Age\u201d, \u201cRio\u201d e \u201cEpic 3D\u201d, que estreia amanh\u00e3, tamb\u00e9m l\u00ea o Brazilian Press. N\u00e3o faz plim-plim, mas d\u00e1 o maior Ibope! Procurando um restaurante de qualidade, com [&hellip;]<\/p>\n","protected":false},"author":1,"featured_media":596,"comment_status":"open","ping_status":"open","sticky":false,"template":"","format":"standard","meta":{"_links_to":"","_links_to_target":""},"categories":[1,6],"tags":[],"views":3674,"_links":{"self":[{"href":"https:\/\/www.brazilianpress.com\/v1\/wp-json\/wp\/v2\/posts\/598"}],"collection":[{"href":"https:\/\/www.brazilianpress.com\/v1\/wp-json\/wp\/v2\/posts"}],"about":[{"href":"https:\/\/www.brazilianpress.com\/v1\/wp-json\/wp\/v2\/types\/post"}],"author":[{"embeddable":true,"href":"https:\/\/www.brazilianpress.com\/v1\/wp-json\/wp\/v2\/users\/1"}],"replies":[{"embeddable":true,"href":"https:\/\/www.brazilianpress.com\/v1\/wp-json\/wp\/v2\/comments?post=598"}],"version-history":[{"count":2,"href":"https:\/\/www.brazilianpress.com\/v1\/wp-json\/wp\/v2\/posts\/598\/revisions"}],"predecessor-version":[{"id":736,"href":"https:\/\/www.brazilianpress.com\/v1\/wp-json\/wp\/v2\/posts\/598\/revisions\/736"}],"wp:featuredmedia":[{"embeddable":true,"href":"https:\/\/www.brazilianpress.com\/v1\/wp-json\/wp\/v2\/media\/596"}],"wp:attachment":[{"href":"https:\/\/www.brazilianpress.com\/v1\/wp-json\/wp\/v2\/media?parent=598"}],"wp:term":[{"taxonomy":"category","embeddable":true,"href":"https:\/\/www.brazilianpress.com\/v1\/wp-json\/wp\/v2\/categories?post=598"},{"taxonomy":"post_tag","embeddable":true,"href":"https:\/\/www.brazilianpress.com\/v1\/wp-json\/wp\/v2\/tags?post=598"}],"curies":[{"name":"wp","href":"https:\/\/api.w.org\/{rel}","templated":true}]}}