{"id":59810,"date":"2025-02-04T13:42:16","date_gmt":"2025-02-04T17:42:16","guid":{"rendered":"https:\/\/www.brazilianpress.com\/v1\/?p=59810"},"modified":"2025-02-04T13:42:16","modified_gmt":"2025-02-04T17:42:16","slug":"atencao-sob-ordem-de-lula-itamaraty-muda-para-o-aeroporto-de-fortaleza-o-local-de-desembarque-de-brasileiros-deportados-dos-eua","status":"publish","type":"post","link":"https:\/\/www.brazilianpress.com\/v1\/2025\/02\/04\/atencao-sob-ordem-de-lula-itamaraty-muda-para-o-aeroporto-de-fortaleza-o-local-de-desembarque-de-brasileiros-deportados-dos-eua\/","title":{"rendered":"Aten\u00e7\u00e3o: Sob ordem de Lula, Itamaraty muda para o Aeroporto de Fortaleza o local de desembarque de brasileiros deportados dos EUA"},"content":{"rendered":"<p><strong>Fortaleza foi escolhida como o novo destino para o voo de repatria\u00e7\u00e3o de brasileiros deportados dos Estados Unidos, previsto para chegar nesta sexta-feira (7). A decis\u00e3o, tomada pelo governo federal ap\u00f3s uma reuni\u00e3o no Itamaraty na \u00faltima segunda-feira (3), tem como objetivo evitar que os deportados sejam transportados algemados durante o voo, uma pr\u00e1tica adotada pela administra\u00e7\u00e3o do ex-presidente norte-americano Donald Trump.<\/strong><\/p>\n<p>Esta ser\u00e1 a segunda opera\u00e7\u00e3o do tipo desde o in\u00edcio da gest\u00e3o de Joe Biden nos EUA, mas a primeira sob a nova diretriz do governo Lula. O primeiro grupo de deportados, composto por 88 brasileiros, chegou a Belo Horizonte no dia 24 de janeiro, mas a imagem dos passageiros algemados gerou pol\u00eamica e levou o presidente Luiz In\u00e1cio Lula da Silva (PT) a sugerir mudan\u00e7as no procedimento.<\/p>\n<p><img src=\"https:\/\/newr7-r7-prod.web.arc-cdn.net\/resizer\/v2\/ICI6EDWD4RGDBE5DTAO2EZSWRY.png?auth=f8c8a3908a7e75ff9c74735c8b6169dd4b84a06c992f31cddad37bd6bf1ff0e5&amp;width=960&amp;height=550\" alt=\"Itamaraty chama diplomata dos EUA para explicar algemas em brasileiros  deportados \u2013 Noticias R7\" \/><\/p>\n<p>De acordo com o Itamaraty, as algemas s\u00e3o retiradas assim que o avi\u00e3o aterrissa em solo brasileiro, j\u00e1 que os deportados n\u00e3o s\u00e3o considerados prisioneiros. No entanto, a nova medida busca garantir que os cidad\u00e3os n\u00e3o sejam expostos a constrangimentos durante o trajeto. Um novo encontro, realizado na ter\u00e7a-feira (4), definiu os detalhes log\u00edsticos da opera\u00e7\u00e3o e a assist\u00eancia que ser\u00e1 oferecida aos repatriados, incluindo apoio psicol\u00f3gico e social.<\/p>\n<p>Ainda n\u00e3o est\u00e1 claro se Fortaleza se tornar\u00e1 o ponto de chegada definitivo para os voos de repatria\u00e7\u00e3o ou se a medida ser\u00e1 estendida a todos os brasileiros deportados dos EUA no futuro. A mudan\u00e7a, no entanto, reflete a preocupa\u00e7\u00e3o do governo Lula em assegurar um tratamento mais humano aos cidad\u00e3os que retornam ao pa\u00eds.<\/p>\n<p><img src=\"https:\/\/revistacenarium.com.br\/wp-content\/uploads\/2025\/01\/whatsapp-image-2025-01-25-at-111913-1600x728.jpeg\" alt=\"Brasileiros deportados dos EUA estavam algemados\" \/><\/p>\n<p>O primeiro voo de deportados, em janeiro, trouxe \u00e0 tona a pr\u00e1tica de algemar passageiros durante o trajeto, mesmo quando n\u00e3o h\u00e1 hist\u00f3rico criminal. A Pol\u00edcia Federal explicou que o procedimento \u00e9 comum em voos de repatria\u00e7\u00e3o dos EUA, mas o governo brasileiro decidiu intervir para evitar que a medida seja aplicada indiscriminadamente.<\/p>\n<p>Agora, a expectativa \u00e9 que o desembarque em Fortaleza ocorra sem incidentes, marcando uma nova fase nas opera\u00e7\u00f5es de repatria\u00e7\u00e3o de brasileiros. Autoridades locais e federais estar\u00e3o presentes para receber os deportados e oferecer o suporte necess\u00e1rio, enquanto o governo avalia os pr\u00f3ximos passos para garantir que os direitos dos cidad\u00e3os sejam respeitados em futuras opera\u00e7\u00f5es.<\/p>\n<p><img src=\"https:\/\/www.hojemaringa.com.br\/arquivos\/noticias\/21521\/mais-de-7-mil-brasileiros-foram-deportados-dos-eua-desde-2020-segundo-a-pf.jpg\" alt=\"Mais de 7 mil brasileiros foram deportados dos EUA desde 2020, segundo a PF\" \/><\/p>\n","protected":false},"excerpt":{"rendered":"<p>Fortaleza foi escolhida como o novo destino para o voo de repatria\u00e7\u00e3o de brasileiros deportados dos Estados Unidos, previsto para chegar nesta sexta-feira (7). A decis\u00e3o, tomada pelo governo federal ap\u00f3s uma reuni\u00e3o no Itamaraty na \u00faltima segunda-feira (3), tem como objetivo evitar que os deportados sejam transportados algemados durante o voo, uma pr\u00e1tica adotada pela administra\u00e7\u00e3o do ex-presidente norte-americano Donald Trump. Esta ser\u00e1 a segunda opera\u00e7\u00e3o do tipo desde o in\u00edcio da gest\u00e3o de Joe Biden nos EUA, mas a primeira sob a nova diretriz do governo Lula. O primeiro grupo de deportados, composto por 88 brasileiros, chegou a [&hellip;]<\/p>\n","protected":false},"author":1,"featured_media":59811,"comment_status":"open","ping_status":"closed","sticky":false,"template":"","format":"standard","meta":{"_links_to":"","_links_to_target":""},"categories":[7,3,1],"tags":[],"views":1540,"_links":{"self":[{"href":"https:\/\/www.brazilianpress.com\/v1\/wp-json\/wp\/v2\/posts\/59810"}],"collection":[{"href":"https:\/\/www.brazilianpress.com\/v1\/wp-json\/wp\/v2\/posts"}],"about":[{"href":"https:\/\/www.brazilianpress.com\/v1\/wp-json\/wp\/v2\/types\/post"}],"author":[{"embeddable":true,"href":"https:\/\/www.brazilianpress.com\/v1\/wp-json\/wp\/v2\/users\/1"}],"replies":[{"embeddable":true,"href":"https:\/\/www.brazilianpress.com\/v1\/wp-json\/wp\/v2\/comments?post=59810"}],"version-history":[{"count":1,"href":"https:\/\/www.brazilianpress.com\/v1\/wp-json\/wp\/v2\/posts\/59810\/revisions"}],"predecessor-version":[{"id":59812,"href":"https:\/\/www.brazilianpress.com\/v1\/wp-json\/wp\/v2\/posts\/59810\/revisions\/59812"}],"wp:featuredmedia":[{"embeddable":true,"href":"https:\/\/www.brazilianpress.com\/v1\/wp-json\/wp\/v2\/media\/59811"}],"wp:attachment":[{"href":"https:\/\/www.brazilianpress.com\/v1\/wp-json\/wp\/v2\/media?parent=59810"}],"wp:term":[{"taxonomy":"category","embeddable":true,"href":"https:\/\/www.brazilianpress.com\/v1\/wp-json\/wp\/v2\/categories?post=59810"},{"taxonomy":"post_tag","embeddable":true,"href":"https:\/\/www.brazilianpress.com\/v1\/wp-json\/wp\/v2\/tags?post=59810"}],"curies":[{"name":"wp","href":"https:\/\/api.w.org\/{rel}","templated":true}]}}