{"id":59830,"date":"2025-02-07T20:16:18","date_gmt":"2025-02-08T00:16:18","guid":{"rendered":"https:\/\/www.brazilianpress.com\/v1\/?p=59830"},"modified":"2025-02-07T20:16:18","modified_gmt":"2025-02-08T00:16:18","slug":"brasileiros-deportados-dos-eua-descem-do-aviao-sem-algemas-em-pouso-em-fortaleza","status":"publish","type":"post","link":"https:\/\/www.brazilianpress.com\/v1\/2025\/02\/07\/brasileiros-deportados-dos-eua-descem-do-aviao-sem-algemas-em-pouso-em-fortaleza\/","title":{"rendered":"Brasileiros deportados dos EUA descem do avi\u00e3o sem algemas em pouso em Fortaleza"},"content":{"rendered":"<p><strong>O segundo voo com brasileiros deportados dos Estados Unidos desde o in\u00edcio do novo governo de Donald Trump pousou na tarde desta sexta-feira (7) no Aeroporto de Fortaleza, \u00e0s 16h06. Segundo apurado por Isabela Camargo, da GloboNews, os passageiros desembarcaram sem algemas. A secret\u00e1ria de direitos humanos do Cear\u00e1, Socorro Fran\u00e7a, informou que os passageiros viajaram com algemas nas m\u00e3os e nos p\u00e9s, sendo retiradas no momento em que pousaram no Brasil. O avi\u00e3o trouxe 111 brasileiros, entre homens e mulheres adultos, adolescentes e crian\u00e7as.<\/strong><\/p>\n<p>Ap\u00f3s a confus\u00e3o no \u00faltimo voo, em janeiro, quando os deportados desembarcaram algemados durante uma conex\u00e3o em Manaus, ficou decidido que este pousaria em Fortaleza, uma das cidades brasileiras mais pr\u00f3ximas dos EUA. A decis\u00e3o \u00e9 para reduzir o tempo em que os deportados passariam algemados no voo, medida adotada como praxe pelo governo americano.<\/p>\n<p>Uma parte dos 111 repatriados \u00e9 de Minas Gerais, onde os voos fretados com deportados dos EUA costumavam pousar. Agora, a viagem de Fortaleza at\u00e9 o Aeroporto de Confins, em Belo Horizonte, ser\u00e1 feita em um avi\u00e3o da For\u00e7a A\u00e9rea Brasileira (FAB). O voo est\u00e1 previsto para decolar \u00e0s 18h30 desta sexta-feira. O avi\u00e3o que pousou em Fortaleza partiu de Alexandria, no estado norte-americano de Louisiana, com uma escala t\u00e9cnica em Porto Rico. Depois, seguiu direto para a capital cearense. Este \u00e9 o segundo avi\u00e3o enviado pelos EUA com imigrantes deportados desde o in\u00edcio do novo governo de Donald Trump. Nos \u00faltimos dias do governo de Joe Biden, em 10 de janeiro, um outro avi\u00e3o com imigrantes deportados j\u00e1 havia pousado no Brasil.<\/p>\n<p><img src=\"https:\/\/s2-g1.glbimg.com\/gWFJ5eIDygPJHKGCwS8bfWlhJ2o=\/0x0:4160x2773\/984x0\/smart\/filters:strip_icc()\/i.s3.glbimg.com\/v1\/AUTH_59edd422c0c84a879bd37670ae4f538a\/internal_photos\/bs\/2025\/T\/M\/Tu19q6TGq6cBwISfB0QQ\/whatsapp-image-2025-02-07-at-15.24.24-1-.jpeg\" alt=\"Avi\u00e3o da For\u00e7a A\u00e9rea Brasileira vai transportar brasileiros deportados dos Estados Unidos para Minas Gerais. \u2014 Foto: Thiago Gadelha\/Sistema Verdes Mares\" \/><br \/>\n<em><strong>Avi\u00e3o da For\u00e7a A\u00e9rea Brasileira vai transportar brasileiros deportados dos Estados Unidos para Minas Gerais<\/strong><\/em><\/p>\n<p>No voo com escala em Manaus, houve um desentendimento com a tripula\u00e7\u00e3o devido ao calor, e os deportados abriram uma porta de emerg\u00eancia e desembarcaram por uma ponte infl\u00e1vel ainda algemados. Segundo a Pol\u00edcia Federal, o uso de algemas em imigrantes \u00e9 uma praxe em voos fretados dos EUA para repatria\u00e7\u00e3o, mas elas s\u00e3o retiradas ao pousar no Brasil, pois os deportados n\u00e3o s\u00e3o prisioneiros. O ministro da Justi\u00e7a e Seguran\u00e7a P\u00fablica, Ricardo Lewandowski, ordenou a retirada das correntes e solicitou que os deportados fossem levados a Belo Horizonte em um voo da FAB. Itamaraty diz que cobrar\u00e1 EUA por tratamento \u2018degradante\u2019.<\/p>\n<p><strong>Recep\u00e7\u00e3o dos brasileiros<\/strong><\/p>\n<p>Em nota, o Minist\u00e9rio dos Direitos Humanos e da Cidadania afirmou que o Governo Federal est\u00e1 adotando uma s\u00e9rie de medidas para garantir o acolhimento humanizado dos brasileiros repatriados. Em Fortaleza e em Belo Horizonte haver\u00e1 um esquema de recep\u00e7\u00e3o e apoio aos brasileiros, com opera\u00e7\u00e3o da Pol\u00edcia Federal para realizar procedimentos migrat\u00f3rios e de seguran\u00e7a. Al\u00e9m disso, em Fortaleza, o Governo do Cear\u00e1 providenciou um Posto Avan\u00e7ado de Atendimento Humanizado ao Migrante (PAAHM), para dar mais agilidade aos processos migrat\u00f3rios. Em Belo Horizonte, o Minist\u00e9rio dos Direitos Humanos e da Cidadania criou Posto de Acolhimento aos Repatriados para garantir que tenham acesso \u00e0 internet gratuitamente, carregador de celular e canais para que possam entrar em contato com os familiares e obter orienta\u00e7\u00f5es sobre servi\u00e7os p\u00fablicos de sa\u00fade, assist\u00eancia social e trabalho.<\/p>\n","protected":false},"excerpt":{"rendered":"<p>O segundo voo com brasileiros deportados dos Estados Unidos desde o in\u00edcio do novo governo de Donald Trump pousou na tarde desta sexta-feira (7) no Aeroporto de Fortaleza, \u00e0s 16h06. Segundo apurado por Isabela Camargo, da GloboNews, os passageiros desembarcaram sem algemas. A secret\u00e1ria de direitos humanos do Cear\u00e1, Socorro Fran\u00e7a, informou que os passageiros viajaram com algemas nas m\u00e3os e nos p\u00e9s, sendo retiradas no momento em que pousaram no Brasil. O avi\u00e3o trouxe 111 brasileiros, entre homens e mulheres adultos, adolescentes e crian\u00e7as. Ap\u00f3s a confus\u00e3o no \u00faltimo voo, em janeiro, quando os deportados desembarcaram algemados durante uma [&hellip;]<\/p>\n","protected":false},"author":1,"featured_media":59831,"comment_status":"open","ping_status":"closed","sticky":false,"template":"","format":"standard","meta":{"_links_to":"","_links_to_target":""},"categories":[7,3,1],"tags":[],"views":1336,"_links":{"self":[{"href":"https:\/\/www.brazilianpress.com\/v1\/wp-json\/wp\/v2\/posts\/59830"}],"collection":[{"href":"https:\/\/www.brazilianpress.com\/v1\/wp-json\/wp\/v2\/posts"}],"about":[{"href":"https:\/\/www.brazilianpress.com\/v1\/wp-json\/wp\/v2\/types\/post"}],"author":[{"embeddable":true,"href":"https:\/\/www.brazilianpress.com\/v1\/wp-json\/wp\/v2\/users\/1"}],"replies":[{"embeddable":true,"href":"https:\/\/www.brazilianpress.com\/v1\/wp-json\/wp\/v2\/comments?post=59830"}],"version-history":[{"count":1,"href":"https:\/\/www.brazilianpress.com\/v1\/wp-json\/wp\/v2\/posts\/59830\/revisions"}],"predecessor-version":[{"id":59832,"href":"https:\/\/www.brazilianpress.com\/v1\/wp-json\/wp\/v2\/posts\/59830\/revisions\/59832"}],"wp:featuredmedia":[{"embeddable":true,"href":"https:\/\/www.brazilianpress.com\/v1\/wp-json\/wp\/v2\/media\/59831"}],"wp:attachment":[{"href":"https:\/\/www.brazilianpress.com\/v1\/wp-json\/wp\/v2\/media?parent=59830"}],"wp:term":[{"taxonomy":"category","embeddable":true,"href":"https:\/\/www.brazilianpress.com\/v1\/wp-json\/wp\/v2\/categories?post=59830"},{"taxonomy":"post_tag","embeddable":true,"href":"https:\/\/www.brazilianpress.com\/v1\/wp-json\/wp\/v2\/tags?post=59830"}],"curies":[{"name":"wp","href":"https:\/\/api.w.org\/{rel}","templated":true}]}}