{"id":59833,"date":"2025-02-08T13:41:36","date_gmt":"2025-02-08T17:41:36","guid":{"rendered":"https:\/\/www.brazilianpress.com\/v1\/?p=59833"},"modified":"2025-02-08T13:41:36","modified_gmt":"2025-02-08T17:41:36","slug":"vou-dar-mais-valor-ao-meu-brasil-diz-deportado-que-beijou-chao-do-aeroporto-ao-desembarcar-em-confins","status":"publish","type":"post","link":"https:\/\/www.brazilianpress.com\/v1\/2025\/02\/08\/vou-dar-mais-valor-ao-meu-brasil-diz-deportado-que-beijou-chao-do-aeroporto-ao-desembarcar-em-confins\/","title":{"rendered":"&#8220;Vou dar mais valor ao meu Brasil&#8221;, diz deportado que beijou ch\u00e3o do aeroporto ao desembarcar em Confins"},"content":{"rendered":"<p><strong>Na noite desta sexta-feira (7), o Aeroporto Internacional de Belo Horizonte, em Confins, foi palco de cenas de emo\u00e7\u00e3o e al\u00edvio com a chegada de um grupo de brasileiros deportados dos Estados Unidos. Entre os repatriados, o corretor de im\u00f3veis C\u00e9sar Diego Justino, natural de Goi\u00e1s, chamou a aten\u00e7\u00e3o ao beijar o ch\u00e3o assim que desembarcou. &#8220;Foi muito sofrimento. Eu n\u00e3o aconselho ningu\u00e9m a fazer isso [migrar ilegalmente]. Foram quatro meses detido e n\u00e3o desejo isso para ningu\u00e9m&#8221;, relatou Justino, visivelmente emocionado.<\/strong><\/p>\n<p>Justino chegou aos Estados Unidos em outubro de 2024 com o sonho de trabalhar e oferecer uma vida melhor para sua fam\u00edlia. No entanto, sua jornada foi interrompida logo ap\u00f3s a chegada ao pa\u00eds. &#8220;Eu me entreguei \u00e0s autoridades para tentar fazer tudo certo, mas n\u00e3o deu certo&#8221;, contou. Ele integrou um grupo de deportados que enfrentou condi\u00e7\u00f5es adversas durante o voo de repatria\u00e7\u00e3o, que partiu de Alexandria, no estado da Louisiana, e fez escala em Fortaleza antes de seguir para Belo Horizonte.<\/p>\n<p><img src=\"https:\/\/www.oliberal.com\/image\/contentid\/policy:1.916715:1739019670\/FAB-Avi-o.jpg?f=2x1&amp;$p$f=c710b34&amp;w=1500&amp;$w=f075b93\" alt=\"Avi\u00e3o da FAB com brasileiros deportados pelos EUA pousa em Confins | Brasil  | O Liberal\" \/><\/p>\n<p>Os brasileiros relataram ter permanecido algemados por mais de 24 horas, al\u00e9m de enfrentar escassez de comida e \u00e1gua durante o trajeto. &#8220;Todos algemados, sem comida, sem \u00e1gua. Muita tristeza&#8221;, desabafou Justino. A situa\u00e7\u00e3o s\u00f3 melhorou ap\u00f3s a chegada ao Brasil, onde os repatriados receberam uma recep\u00e7\u00e3o mais humanizada. Em Fortaleza, eles foram recebidos por autoridades antes de seguirem para Belo Horizonte em um voo da For\u00e7a A\u00e9rea Brasileira (FAB).<\/p>\n<p><img src=\"https:\/\/www.infomoney.com.br\/wp-content\/uploads\/2025\/02\/ATO20250207156-e1739025364827.jpg?fit=790%2C548&amp;quality=50&amp;strip=all\" alt=\"Avi\u00e3o da FAB com brasileiros deportados pelos EUA pousa em Confins (MG)\" \/><\/p>\n<p>No Aeroporto de Confins, o desembarque ocorreu por volta das 21h40, desta vez sem as algemas que marcaram o primeiro voo de deportados sob o novo mandato do presidente norte-americano Donald Trump. A comitiva de recep\u00e7\u00e3o incluiu representantes da Prefeitura de Belo Horizonte, do Governo de Minas Gerais e do Governo Federal, al\u00e9m da presen\u00e7a da ministra dos Direitos Humanos, Maca\u00e9 Evaristo.<\/p>\n<p>Para auxiliar na reintegra\u00e7\u00e3o dos deportados, a Fecom\u00e9rcio anunciou uma s\u00e9rie de medidas, incluindo transporte, hospedagem por dez dias e cursos de capacita\u00e7\u00e3o profissional em Belo Horizonte. Kits de higiene, alimenta\u00e7\u00e3o e outros recursos tamb\u00e9m foram distribu\u00eddos aos repatriados.<\/p>\n<p><img src=\"https:\/\/cdn.acritica.net\/upload\/dn_arquivo\/2025\/02\/capturar_110.jpg\" alt=\"Avi\u00e3o da FAB com brasileiros deportados pelos EUA pousa em Confins - A  Cr\u00edtica de Campo Grande\" \/><\/p>\n<p>Apesar das dificuldades enfrentadas, C\u00e9sar Diego Justino demonstrou gratid\u00e3o por estar de volta ao Brasil e afirmou que n\u00e3o pretende mais deixar o pa\u00eds. &#8220;N\u00f3s somos ricos e n\u00e3o sabemos. A riqueza nossa est\u00e1 aqui&#8221;, declarou, refor\u00e7ando sua decis\u00e3o de recome\u00e7ar a vida em solo brasileiro.<\/p>\n<p>O voo que trouxe os deportados faz parte de uma nova fase da pol\u00edtica migrat\u00f3ria dos Estados Unidos, que tem intensificado as deporta\u00e7\u00f5es de imigrantes irregulares. Esta foi a segunda aeronave com brasileiros repatriados a chegar ao pa\u00eds desde o in\u00edcio do novo mandato de Trump, sinalizando um cen\u00e1rio desafiador para aqueles que buscam oportunidades no exterior.<\/p>\n<p><img src=\"https:\/\/conteudo.imguol.com.br\/c\/noticias\/fb\/2025\/02\/07\/alguns-dos-brasileiros-deportados-na-casa-de-cambio-no-aeroporto-de-confins-em-minas-gerais-eles-chegaram-sem-malas-e-hoje-quase-todos-com-uma-sacola-que-ganharam-do-governo-estadual-1738981853316_v2_750x1.jpg\" alt=\"Brasileiro deportado dos EUA: 'Tratam a gente pior que animal'\" \/><\/p>\n<p>Enquanto os deportados come\u00e7am a reconstruir suas vidas no Brasil, suas hist\u00f3rias servem como um alerta sobre os riscos e desafios da migra\u00e7\u00e3o irregular, al\u00e9m de destacar a import\u00e2ncia de pol\u00edticas p\u00fablicas que ofere\u00e7am suporte e oportunidades para quem busca recome\u00e7ar.<\/p>\n<p><img src=\"https:\/\/www.br104.com.br\/wp-content\/uploads\/2025\/02\/Brasileiro-foi-filmado-beijando-o-chao-do-Aeroporto-de-Confins-em-Minas-Gerais.jpg\" alt=\"Corretor de im\u00f3veis beija ch\u00e3o ao desembarcar no Brasil ap\u00f3s deporta\u00e7\u00e3o dos  EUA\" \/><\/p>\n","protected":false},"excerpt":{"rendered":"<p>Na noite desta sexta-feira (7), o Aeroporto Internacional de Belo Horizonte, em Confins, foi palco de cenas de emo\u00e7\u00e3o e al\u00edvio com a chegada de um grupo de brasileiros deportados dos Estados Unidos. Entre os repatriados, o corretor de im\u00f3veis C\u00e9sar Diego Justino, natural de Goi\u00e1s, chamou a aten\u00e7\u00e3o ao beijar o ch\u00e3o assim que desembarcou. &#8220;Foi muito sofrimento. Eu n\u00e3o aconselho ningu\u00e9m a fazer isso [migrar ilegalmente]. Foram quatro meses detido e n\u00e3o desejo isso para ningu\u00e9m&#8221;, relatou Justino, visivelmente emocionado. Justino chegou aos Estados Unidos em outubro de 2024 com o sonho de trabalhar e oferecer uma vida [&hellip;]<\/p>\n","protected":false},"author":1,"featured_media":59834,"comment_status":"open","ping_status":"closed","sticky":false,"template":"","format":"standard","meta":{"_links_to":"","_links_to_target":""},"categories":[7,3,1],"tags":[],"views":2692,"_links":{"self":[{"href":"https:\/\/www.brazilianpress.com\/v1\/wp-json\/wp\/v2\/posts\/59833"}],"collection":[{"href":"https:\/\/www.brazilianpress.com\/v1\/wp-json\/wp\/v2\/posts"}],"about":[{"href":"https:\/\/www.brazilianpress.com\/v1\/wp-json\/wp\/v2\/types\/post"}],"author":[{"embeddable":true,"href":"https:\/\/www.brazilianpress.com\/v1\/wp-json\/wp\/v2\/users\/1"}],"replies":[{"embeddable":true,"href":"https:\/\/www.brazilianpress.com\/v1\/wp-json\/wp\/v2\/comments?post=59833"}],"version-history":[{"count":1,"href":"https:\/\/www.brazilianpress.com\/v1\/wp-json\/wp\/v2\/posts\/59833\/revisions"}],"predecessor-version":[{"id":59835,"href":"https:\/\/www.brazilianpress.com\/v1\/wp-json\/wp\/v2\/posts\/59833\/revisions\/59835"}],"wp:featuredmedia":[{"embeddable":true,"href":"https:\/\/www.brazilianpress.com\/v1\/wp-json\/wp\/v2\/media\/59834"}],"wp:attachment":[{"href":"https:\/\/www.brazilianpress.com\/v1\/wp-json\/wp\/v2\/media?parent=59833"}],"wp:term":[{"taxonomy":"category","embeddable":true,"href":"https:\/\/www.brazilianpress.com\/v1\/wp-json\/wp\/v2\/categories?post=59833"},{"taxonomy":"post_tag","embeddable":true,"href":"https:\/\/www.brazilianpress.com\/v1\/wp-json\/wp\/v2\/tags?post=59833"}],"curies":[{"name":"wp","href":"https:\/\/api.w.org\/{rel}","templated":true}]}}