{"id":59836,"date":"2025-02-09T19:06:19","date_gmt":"2025-02-09T23:06:19","guid":{"rendered":"https:\/\/www.brazilianpress.com\/v1\/?p=59836"},"modified":"2025-02-09T19:06:19","modified_gmt":"2025-02-09T23:06:19","slug":"brasileiro-deportado-dos-eua-diz-que-vai-esperar-trump-deixar-presidencia-para-tentar-nova-travessia","status":"publish","type":"post","link":"https:\/\/www.brazilianpress.com\/v1\/2025\/02\/09\/brasileiro-deportado-dos-eua-diz-que-vai-esperar-trump-deixar-presidencia-para-tentar-nova-travessia\/","title":{"rendered":"Brasileiro deportado dos EUA diz que vai esperar Trump deixar presid\u00eancia para tentar nova travessia"},"content":{"rendered":"<p><strong>Um brasileiro de 51 anos, natural de Campan\u00e1rio, Minas Gerais, viveu um ciclo de esperan\u00e7as e frustra\u00e7\u00f5es ao tentar entrar ilegalmente nos Estados Unidos duas vezes em um curto per\u00edodo de tr\u00eas meses. Sua primeira tentativa ocorreu em agosto de 2024, quando cruzou a fronteira, mas foi preso e deportado em outubro do mesmo ano.<\/strong><\/p>\n<p>Determinado, ele tentou novamente em dezembro, s\u00f3 para ser capturado mais uma vez e enviado de volta ao Brasil em fevereiro de 2025. O repatriado, que trabalha na constru\u00e7\u00e3o civil, justifica suas tentativas arriscadas pela busca de melhores condi\u00e7\u00f5es financeiras. \u201cL\u00e1, voc\u00ea pode ganhar 50 d\u00f3lares por hora. Aqui, no Brasil, eu recebo R$ 250 por dia. Quem n\u00e3o arriscaria?\u201d, questiona. No entanto, ele admite que as pol\u00edticas migrat\u00f3rias mais duras implementadas durante o governo de Donald Trump dificultaram sua empreitada. \u201cA situa\u00e7\u00e3o piorou muito. Vou tentar de novo, mas s\u00f3 quando ele n\u00e3o estiver mais no poder\u201d, afirma.<\/p>\n<p>Ap\u00f3s sua segunda deporta\u00e7\u00e3o, ele desembarcou em Belo Horizonte, onde recebeu assist\u00eancia do governo brasileiro para retornar \u00e0 sua cidade natal, Campan\u00e1rio. Agora, ele planeja repensar sua estrat\u00e9gia e avaliar os pr\u00f3ximos passos. \u201cPreciso cuidar da minha fam\u00edlia e ver o que \u00e9 melhor para n\u00f3s. Mas o sonho de uma vida melhor l\u00e1 fora ainda existe\u201d, desabafa. A hist\u00f3ria dele reflete os desafios enfrentados por muitos brasileiros que buscam oportunidades no exterior, muitas vezes arriscando-se em travessias perigosas e enfrentando pol\u00edticas migrat\u00f3rias cada vez mais restritivas. Enquanto isso, ele tenta se reerguer em solo brasileiro, onde a realidade econ\u00f4mica contrasta com os sonhos que o motivaram a cruzar fronteiras.<\/p>\n","protected":false},"excerpt":{"rendered":"<p>Um brasileiro de 51 anos, natural de Campan\u00e1rio, Minas Gerais, viveu um ciclo de esperan\u00e7as e frustra\u00e7\u00f5es ao tentar entrar ilegalmente nos Estados Unidos duas vezes em um curto per\u00edodo de tr\u00eas meses. Sua primeira tentativa ocorreu em agosto de 2024, quando cruzou a fronteira, mas foi preso e deportado em outubro do mesmo ano. Determinado, ele tentou novamente em dezembro, s\u00f3 para ser capturado mais uma vez e enviado de volta ao Brasil em fevereiro de 2025. O repatriado, que trabalha na constru\u00e7\u00e3o civil, justifica suas tentativas arriscadas pela busca de melhores condi\u00e7\u00f5es financeiras. \u201cL\u00e1, voc\u00ea pode ganhar 50 [&hellip;]<\/p>\n","protected":false},"author":1,"featured_media":59837,"comment_status":"open","ping_status":"closed","sticky":false,"template":"","format":"standard","meta":{"_links_to":"","_links_to_target":""},"categories":[4,3,1],"tags":[],"views":1841,"_links":{"self":[{"href":"https:\/\/www.brazilianpress.com\/v1\/wp-json\/wp\/v2\/posts\/59836"}],"collection":[{"href":"https:\/\/www.brazilianpress.com\/v1\/wp-json\/wp\/v2\/posts"}],"about":[{"href":"https:\/\/www.brazilianpress.com\/v1\/wp-json\/wp\/v2\/types\/post"}],"author":[{"embeddable":true,"href":"https:\/\/www.brazilianpress.com\/v1\/wp-json\/wp\/v2\/users\/1"}],"replies":[{"embeddable":true,"href":"https:\/\/www.brazilianpress.com\/v1\/wp-json\/wp\/v2\/comments?post=59836"}],"version-history":[{"count":1,"href":"https:\/\/www.brazilianpress.com\/v1\/wp-json\/wp\/v2\/posts\/59836\/revisions"}],"predecessor-version":[{"id":59838,"href":"https:\/\/www.brazilianpress.com\/v1\/wp-json\/wp\/v2\/posts\/59836\/revisions\/59838"}],"wp:featuredmedia":[{"embeddable":true,"href":"https:\/\/www.brazilianpress.com\/v1\/wp-json\/wp\/v2\/media\/59837"}],"wp:attachment":[{"href":"https:\/\/www.brazilianpress.com\/v1\/wp-json\/wp\/v2\/media?parent=59836"}],"wp:term":[{"taxonomy":"category","embeddable":true,"href":"https:\/\/www.brazilianpress.com\/v1\/wp-json\/wp\/v2\/categories?post=59836"},{"taxonomy":"post_tag","embeddable":true,"href":"https:\/\/www.brazilianpress.com\/v1\/wp-json\/wp\/v2\/tags?post=59836"}],"curies":[{"name":"wp","href":"https:\/\/api.w.org\/{rel}","templated":true}]}}