{"id":59839,"date":"2025-02-10T11:30:52","date_gmt":"2025-02-10T15:30:52","guid":{"rendered":"https:\/\/www.brazilianpress.com\/v1\/?p=59839"},"modified":"2025-02-10T11:30:52","modified_gmt":"2025-02-10T15:30:52","slug":"ele-ja-tem-problemas-demais-com-a-mulher-ela-e-terrivel-diz-trump-ao-liberar-permanencia-do-principe-harry-nos-eua","status":"publish","type":"post","link":"https:\/\/www.brazilianpress.com\/v1\/2025\/02\/10\/ele-ja-tem-problemas-demais-com-a-mulher-ela-e-terrivel-diz-trump-ao-liberar-permanencia-do-principe-harry-nos-eua\/","title":{"rendered":"&#8220;Ele j\u00e1 tem problemas demais com a mulher. Ela \u00e9 terr\u00edvel&#8221;, diz Trump ao liberar perman\u00eancia do Pr\u00edncipe Harry nos EUA"},"content":{"rendered":"<p><strong>Em meio a rumores de que o Pr\u00edncipe Harry, filho mais novo do Rei Carlos III do Reino Unido, poderia ser deportado dos Estados Unidos devido a supostas inconsist\u00eancias em seu visto relacionadas ao uso de drogas, o ex-presidente Donald Trump garantiu que n\u00e3o tomar\u00e1 medidas contra o membro da realeza brit\u00e2nica.<\/strong><\/p>\n<p>Em declara\u00e7\u00f5es ao\u00a0<em>New York Post<\/em>\u00a0neste fim de semana, Trump afirmou: &#8220;N\u00e3o quero faz\u00ea-lo [deportar Harry]. Vou deix\u00e1-lo em paz. Ele j\u00e1 tem problemas suficientes por ser casado com a terr\u00edvel Meghan Markle.&#8221;<\/p>\n<p>A pol\u00eamica ganhou for\u00e7a ap\u00f3s a Heritage Foundation, um think tank conservador americano, alegar que Harry mentiu sobre seu hist\u00f3rico de consumo de drogas ao solicitar o visto para residir nos EUA. A acusa\u00e7\u00e3o surgiu ap\u00f3s o pr\u00edncipe admitir, em sua autobiografia\u00a0<em>Spare<\/em>, o uso de subst\u00e2ncias como coca\u00edna, can\u00e1bis e drogas psicod\u00e9licas. A funda\u00e7\u00e3o defende a deporta\u00e7\u00e3o do brit\u00e2nico, acusando a Casa Branca de oferecer tratamento preferencial ao duque de Sussex.<\/p>\n<p>Trump, que j\u00e1 havia criticado Meghan Markle no passado, chamando-a de &#8220;controladora&#8221; e &#8220;divisiva&#8221;, aproveitou a ocasi\u00e3o para refor\u00e7ar suas cr\u00edticas \u00e0 duquesa. &#8220;Ele traiu a Rainha, isso n\u00e3o tem perd\u00e3o&#8221;, disse o ex-presidente, referindo-se \u00e0 sa\u00edda de Harry e Meghan da fam\u00edlia real brit\u00e2nica em 2020. Trump tamb\u00e9m culpou o governo de Joe Biden por ser &#8220;demasiado benevolente&#8221; com o pr\u00edncipe, sugerindo que, se ele retornar \u00e0 presid\u00eancia, Harry n\u00e3o ter\u00e1 o apoio da Casa Branca.<\/p>\n<p>A rela\u00e7\u00e3o conturbada entre Trump e Meghan Markle n\u00e3o \u00e9 nova. A duquesa j\u00e1 descreveu o ex-presidente como &#8220;mis\u00f3gino&#8221; e &#8220;divisivo&#8221;, enquanto Trump, por sua vez, acusou-a de influenciar negativamente Harry. Apesar das cr\u00edticas, Trump parece disposto a poupar o pr\u00edncipe de maiores complica\u00e7\u00f5es, pelo menos por enquanto. &#8220;Ele j\u00e1 tem problemas suficientes com a mulher&#8221;, concluiu.\u00a0Enquanto isso, a Heritage Foundation continua a pressionar por uma investiga\u00e7\u00e3o sobre o visto de Harry, mantendo o caso em evid\u00eancia e alimentando debates sobre imigra\u00e7\u00e3o, tratamento preferencial e o impacto das revela\u00e7\u00f5es pessoais do pr\u00edncipe em sua vida p\u00fablica nos Estados Unidos.<\/p>\n","protected":false},"excerpt":{"rendered":"<p>Em meio a rumores de que o Pr\u00edncipe Harry, filho mais novo do Rei Carlos III do Reino Unido, poderia ser deportado dos Estados Unidos devido a supostas inconsist\u00eancias em seu visto relacionadas ao uso de drogas, o ex-presidente Donald Trump garantiu que n\u00e3o tomar\u00e1 medidas contra o membro da realeza brit\u00e2nica. Em declara\u00e7\u00f5es ao\u00a0New York Post\u00a0neste fim de semana, Trump afirmou: &#8220;N\u00e3o quero faz\u00ea-lo [deportar Harry]. Vou deix\u00e1-lo em paz. Ele j\u00e1 tem problemas suficientes por ser casado com a terr\u00edvel Meghan Markle.&#8221; A pol\u00eamica ganhou for\u00e7a ap\u00f3s a Heritage Foundation, um think tank conservador americano, alegar que Harry [&hellip;]<\/p>\n","protected":false},"author":1,"featured_media":59840,"comment_status":"open","ping_status":"closed","sticky":false,"template":"","format":"standard","meta":{"_links_to":"","_links_to_target":""},"categories":[3,1,10],"tags":[],"views":1367,"_links":{"self":[{"href":"https:\/\/www.brazilianpress.com\/v1\/wp-json\/wp\/v2\/posts\/59839"}],"collection":[{"href":"https:\/\/www.brazilianpress.com\/v1\/wp-json\/wp\/v2\/posts"}],"about":[{"href":"https:\/\/www.brazilianpress.com\/v1\/wp-json\/wp\/v2\/types\/post"}],"author":[{"embeddable":true,"href":"https:\/\/www.brazilianpress.com\/v1\/wp-json\/wp\/v2\/users\/1"}],"replies":[{"embeddable":true,"href":"https:\/\/www.brazilianpress.com\/v1\/wp-json\/wp\/v2\/comments?post=59839"}],"version-history":[{"count":1,"href":"https:\/\/www.brazilianpress.com\/v1\/wp-json\/wp\/v2\/posts\/59839\/revisions"}],"predecessor-version":[{"id":59841,"href":"https:\/\/www.brazilianpress.com\/v1\/wp-json\/wp\/v2\/posts\/59839\/revisions\/59841"}],"wp:featuredmedia":[{"embeddable":true,"href":"https:\/\/www.brazilianpress.com\/v1\/wp-json\/wp\/v2\/media\/59840"}],"wp:attachment":[{"href":"https:\/\/www.brazilianpress.com\/v1\/wp-json\/wp\/v2\/media?parent=59839"}],"wp:term":[{"taxonomy":"category","embeddable":true,"href":"https:\/\/www.brazilianpress.com\/v1\/wp-json\/wp\/v2\/categories?post=59839"},{"taxonomy":"post_tag","embeddable":true,"href":"https:\/\/www.brazilianpress.com\/v1\/wp-json\/wp\/v2\/tags?post=59839"}],"curies":[{"name":"wp","href":"https:\/\/api.w.org\/{rel}","templated":true}]}}