{"id":59869,"date":"2025-02-12T15:54:45","date_gmt":"2025-02-12T19:54:45","guid":{"rendered":"https:\/\/www.brazilianpress.com\/v1\/?p=59869"},"modified":"2025-02-12T15:54:45","modified_gmt":"2025-02-12T19:54:45","slug":"suspeito-de-homicidio-na-zona-da-mata-ex-policial-militar-mineiro-e-preso-em-massachusetts","status":"publish","type":"post","link":"https:\/\/www.brazilianpress.com\/v1\/2025\/02\/12\/suspeito-de-homicidio-na-zona-da-mata-ex-policial-militar-mineiro-e-preso-em-massachusetts\/","title":{"rendered":"Suspeito de homic\u00eddio na Zona da Mata, ex-policial militar mineiro \u00e9 preso em Massachusetts"},"content":{"rendered":"<p><strong>Um ex-policial militar denunciado por homic\u00eddio duplamente qualificado foi preso em Massachusetts, nos Estados Unidos. De acordo com o Minist\u00e9rio P\u00fablico de Minas Gerais (MPMG), o foragido cometeu o crime em 2018, entre os munic\u00edpios de Piranga e Porto Firme, na regi\u00e3o da Zona da Mata.<\/strong><\/p>\n<p>A a\u00e7\u00e3o foi realizada no dia 14 de janeiro, por policiais do grupo de Opera\u00e7\u00f5es de Execu\u00e7\u00e3o e Remo\u00e7\u00e3o, ligado ao Departamento de Imigra\u00e7\u00e3o Norte-americano.<\/p>\n<p>A opera\u00e7\u00e3o conjunta tamb\u00e9m teve a participa\u00e7\u00e3o do Grupo de Atua\u00e7\u00e3o Especial de Combate ao Crime Organizado (Gaeco) de Visconde do Rio Branco, Promotoria de Justi\u00e7a de Piranga, Pol\u00edcia Federal e de autoridades norte-americanas.<\/p>\n<p>De acordo com as investiga\u00e7\u00f5es, o r\u00e9u foi demitido da Pol\u00edcia Militar de Minas Gerais em 2023 e deixou o pa\u00eds em mar\u00e7o de 2024, pelo Aeroporto Internacional de Guarulhos, em S\u00e3o Paulo, em fuga para os Estados Unidos.<\/p>\n<p>Segundo o Minist\u00e9rio P\u00fablico, ap\u00f3s in\u00fameras a\u00e7\u00f5es para descobrir o paradeiro do r\u00e9u, o decreto de pris\u00e3o foi encaminhado ao representante da Organiza\u00e7\u00e3o Internacional de Pol\u00edcia Criminal (Interpol), para providenciar a Difus\u00e3o Vermelha (mandado internacional). O MP destacou que o acusado era considerado muito perigoso.\u00a0O brasileiro, que estava morando ilegalmente em Fall River, em Massachusetts, ainda n\u00e3o chegou ao Brasil. De acordo com o MPMG, ele passar\u00e1 por um novo j\u00fari assim que retornar.<\/p>\n","protected":false},"excerpt":{"rendered":"<p>Um ex-policial militar denunciado por homic\u00eddio duplamente qualificado foi preso em Massachusetts, nos Estados Unidos. De acordo com o Minist\u00e9rio P\u00fablico de Minas Gerais (MPMG), o foragido cometeu o crime em 2018, entre os munic\u00edpios de Piranga e Porto Firme, na regi\u00e3o da Zona da Mata. A a\u00e7\u00e3o foi realizada no dia 14 de janeiro, por policiais do grupo de Opera\u00e7\u00f5es de Execu\u00e7\u00e3o e Remo\u00e7\u00e3o, ligado ao Departamento de Imigra\u00e7\u00e3o Norte-americano. A opera\u00e7\u00e3o conjunta tamb\u00e9m teve a participa\u00e7\u00e3o do Grupo de Atua\u00e7\u00e3o Especial de Combate ao Crime Organizado (Gaeco) de Visconde do Rio Branco, Promotoria de Justi\u00e7a de Piranga, Pol\u00edcia [&hellip;]<\/p>\n","protected":false},"author":1,"featured_media":59870,"comment_status":"open","ping_status":"closed","sticky":false,"template":"","format":"standard","meta":{"_links_to":"","_links_to_target":""},"categories":[4,3,1],"tags":[],"views":1700,"_links":{"self":[{"href":"https:\/\/www.brazilianpress.com\/v1\/wp-json\/wp\/v2\/posts\/59869"}],"collection":[{"href":"https:\/\/www.brazilianpress.com\/v1\/wp-json\/wp\/v2\/posts"}],"about":[{"href":"https:\/\/www.brazilianpress.com\/v1\/wp-json\/wp\/v2\/types\/post"}],"author":[{"embeddable":true,"href":"https:\/\/www.brazilianpress.com\/v1\/wp-json\/wp\/v2\/users\/1"}],"replies":[{"embeddable":true,"href":"https:\/\/www.brazilianpress.com\/v1\/wp-json\/wp\/v2\/comments?post=59869"}],"version-history":[{"count":1,"href":"https:\/\/www.brazilianpress.com\/v1\/wp-json\/wp\/v2\/posts\/59869\/revisions"}],"predecessor-version":[{"id":59871,"href":"https:\/\/www.brazilianpress.com\/v1\/wp-json\/wp\/v2\/posts\/59869\/revisions\/59871"}],"wp:featuredmedia":[{"embeddable":true,"href":"https:\/\/www.brazilianpress.com\/v1\/wp-json\/wp\/v2\/media\/59870"}],"wp:attachment":[{"href":"https:\/\/www.brazilianpress.com\/v1\/wp-json\/wp\/v2\/media?parent=59869"}],"wp:term":[{"taxonomy":"category","embeddable":true,"href":"https:\/\/www.brazilianpress.com\/v1\/wp-json\/wp\/v2\/categories?post=59869"},{"taxonomy":"post_tag","embeddable":true,"href":"https:\/\/www.brazilianpress.com\/v1\/wp-json\/wp\/v2\/tags?post=59869"}],"curies":[{"name":"wp","href":"https:\/\/api.w.org\/{rel}","templated":true}]}}