{"id":59887,"date":"2025-02-13T12:16:22","date_gmt":"2025-02-13T16:16:22","guid":{"rendered":"https:\/\/www.brazilianpress.com\/v1\/?p=59887"},"modified":"2025-02-13T12:16:22","modified_gmt":"2025-02-13T16:16:22","slug":"cruzeiro-corre-contra-o-tempo-para-contratar-mais-um-zagueiro-veja-como-esta-a-busca","status":"publish","type":"post","link":"https:\/\/www.brazilianpress.com\/v1\/2025\/02\/13\/cruzeiro-corre-contra-o-tempo-para-contratar-mais-um-zagueiro-veja-como-esta-a-busca\/","title":{"rendered":"Cruzeiro corre contra o tempo para contratar mais um zagueiro; veja como est\u00e1 a busca"},"content":{"rendered":"<p><strong>O t\u00e9cnico Leonardo Jardim quer mais um zagueiro para o\u00a0Cruzeiro. O portugu\u00eas de 50 anos disse que o time precisa de mais op\u00e7\u00f5es no setor, visto que Jo\u00e3o Marcelo lesionou e n\u00e3o deve jogar mais na temporada.<\/strong><\/p>\n<p>&#8211; Sobre essa situa\u00e7\u00e3o, o clube j\u00e1 tinha organizado com mais um zagueiro central, com certeza estamos tentando equilibrar, porque precisamos de mais solu\u00e7\u00f5es para a zaga. Vamos procurar um jogador por conta dessa les\u00e3o que vai levar o Jo\u00e3o Marcelo a parar at\u00e9 o fim do ano.<\/p>\n<p>O\u00a0ge\u00a0apurou que o\u00a0Cruzeiro\u00a0est\u00e1 em busca de um atleta no mercado, inclusive com possibilidade de aquisi\u00e7\u00e3o no exterior, tentando uma compra de direitos econ\u00f4micos, em caso de oportunidade de mercado. O clube mineiro tenta um jogador que chegue para brigar por posi\u00e7\u00e3o e tenha certa experi\u00eancia. \u00c9 tratada com certa urg\u00eancia.<\/p>\n<p>A situa\u00e7\u00e3o \u00e9 que o\u00a0Cruzeiro\u00a0sabe que, dificilmente, ir\u00e1 conseguir fechar uma negocia\u00e7\u00e3o e realizar todos os tr\u00e2mites para inscrever o refor\u00e7o para o Campeonato Mineiro.\u00a0\u00c9 que o prazo para inscri\u00e7\u00e3o vai at\u00e9 a pr\u00f3xima sexta-feira. A janela de transfer\u00eancias no Brasil vai at\u00e9 o fim deste m\u00eas.<\/p>\n<p>Dessa forma, o atleta ficaria dispon\u00edvel para jogos do Campeonato Brasileiro,\u00a0Copa do Brasil\u00a0e Conmebol Sul-Americana. A Raposa perdeu Jo\u00e3o Marcelo, que come\u00e7ou o ano como titular da equipe. O zagueiro teve uma les\u00e3o multiligamentar associada a les\u00f5es no menisco do joelho direito e, se conseguir boa evolu\u00e7\u00e3o no tratamento, poder\u00e1 voltar a jogar na reta final da temporada.<\/p>\n<p>Neste momento, Jonathan Jesus, de 20 anos, forma a dupla titular ao lado de Fabr\u00edcio Bruno, contratado por cerca de R$ 45 milh\u00f5es junto ao Flamengo. Lucas Villalba \u00e9 a op\u00e7\u00e3o principal do banco, que contou com a composi\u00e7\u00e3o de Bruno Alves, do sub-20, nas \u00faltimas rodadas. Janderson, tamb\u00e9m com idade j\u00fanior, est\u00e1 integrando os treinos do time profissional.<\/p>\n","protected":false},"excerpt":{"rendered":"<p>O t\u00e9cnico Leonardo Jardim quer mais um zagueiro para o\u00a0Cruzeiro. O portugu\u00eas de 50 anos disse que o time precisa de mais op\u00e7\u00f5es no setor, visto que Jo\u00e3o Marcelo lesionou e n\u00e3o deve jogar mais na temporada. &#8211; Sobre essa situa\u00e7\u00e3o, o clube j\u00e1 tinha organizado com mais um zagueiro central, com certeza estamos tentando equilibrar, porque precisamos de mais solu\u00e7\u00f5es para a zaga. Vamos procurar um jogador por conta dessa les\u00e3o que vai levar o Jo\u00e3o Marcelo a parar at\u00e9 o fim do ano. O\u00a0ge\u00a0apurou que o\u00a0Cruzeiro\u00a0est\u00e1 em busca de um atleta no mercado, inclusive com possibilidade de aquisi\u00e7\u00e3o [&hellip;]<\/p>\n","protected":false},"author":1,"featured_media":59888,"comment_status":"open","ping_status":"closed","sticky":false,"template":"","format":"standard","meta":{"_links_to":"","_links_to_target":""},"categories":[9,1],"tags":[],"views":974,"_links":{"self":[{"href":"https:\/\/www.brazilianpress.com\/v1\/wp-json\/wp\/v2\/posts\/59887"}],"collection":[{"href":"https:\/\/www.brazilianpress.com\/v1\/wp-json\/wp\/v2\/posts"}],"about":[{"href":"https:\/\/www.brazilianpress.com\/v1\/wp-json\/wp\/v2\/types\/post"}],"author":[{"embeddable":true,"href":"https:\/\/www.brazilianpress.com\/v1\/wp-json\/wp\/v2\/users\/1"}],"replies":[{"embeddable":true,"href":"https:\/\/www.brazilianpress.com\/v1\/wp-json\/wp\/v2\/comments?post=59887"}],"version-history":[{"count":1,"href":"https:\/\/www.brazilianpress.com\/v1\/wp-json\/wp\/v2\/posts\/59887\/revisions"}],"predecessor-version":[{"id":59889,"href":"https:\/\/www.brazilianpress.com\/v1\/wp-json\/wp\/v2\/posts\/59887\/revisions\/59889"}],"wp:featuredmedia":[{"embeddable":true,"href":"https:\/\/www.brazilianpress.com\/v1\/wp-json\/wp\/v2\/media\/59888"}],"wp:attachment":[{"href":"https:\/\/www.brazilianpress.com\/v1\/wp-json\/wp\/v2\/media?parent=59887"}],"wp:term":[{"taxonomy":"category","embeddable":true,"href":"https:\/\/www.brazilianpress.com\/v1\/wp-json\/wp\/v2\/categories?post=59887"},{"taxonomy":"post_tag","embeddable":true,"href":"https:\/\/www.brazilianpress.com\/v1\/wp-json\/wp\/v2\/tags?post=59887"}],"curies":[{"name":"wp","href":"https:\/\/api.w.org\/{rel}","templated":true}]}}