{"id":59893,"date":"2025-02-13T12:20:12","date_gmt":"2025-02-13T16:20:12","guid":{"rendered":"https:\/\/www.brazilianpress.com\/v1\/?p=59893"},"modified":"2025-02-13T12:20:12","modified_gmt":"2025-02-13T16:20:12","slug":"inflacao-oficial-de-janeiro-e-de-016-a-menor-para-o-mes-desde-1994","status":"publish","type":"post","link":"https:\/\/www.brazilianpress.com\/v1\/2025\/02\/13\/inflacao-oficial-de-janeiro-e-de-016-a-menor-para-o-mes-desde-1994\/","title":{"rendered":"Infla\u00e7\u00e3o oficial de janeiro \u00e9 de 0,16%, a menor para o m\u00eas desde 1994"},"content":{"rendered":"<p><strong>A infla\u00e7\u00e3o oficial de janeiro perdeu for\u00e7a e ficou em 0,16%. Este \u00e9 o menor resultado para um m\u00eas de janeiro desde 1994, ou seja, desde antes do Plano Real, iniciado em julho daquele ano.<\/strong><\/p>\n<p>A explica\u00e7\u00e3o para a desacelera\u00e7\u00e3o do \u00cdndice Nacional de Pre\u00e7os ao Consumidor Amplo (IPCA), divulgado nesta ter\u00e7a-feira (11), no Rio de Janeiro, pelo Instituto Brasileiro de Geografia e Estat\u00edstica (IBGE), \u00e9 o B\u00f4nus Itaipu, desconto que milh\u00f5es de brasileiros tiveram na conta de luz do m\u00eas passado.<\/p>\n<p>Em dezembro de 2024, o IPCA tinha ficado em 0,52%. A desacelera\u00e7\u00e3o n\u00e3o significa que os pre\u00e7os ficaram mais baixos, e sim que, na m\u00e9dia, subiram em menor velocidade.<\/p>\n<p>Considerando qualquer m\u00eas, o resultado de janeiro \u00e9 o menor desde agosto de 2024, quando houve infla\u00e7\u00e3o negativa de 0,2%. Em janeiro de 2024, o IPCA tinha marcado 0,42%. Agora, caiu para 0,16%.<\/p>\n<p>No acumulado de 12 meses, o IPCA soma 4,56%, acima da meta do governo. Em dezembro, o acumulado era de 4,83%.<\/p>\n<p>A meta de infla\u00e7\u00e3o estipulada pelo Conselho Monet\u00e1rio Nacional (CMN) \u00e9 de 3%, com toler\u00e2ncia de 1,5 ponto percentual para mais ou para menos, ou seja, um intervalo de 1,5% a 4,5%.<\/p>\n<p>A partir deste ano, a persegui\u00e7\u00e3o da meta se d\u00e1 em rela\u00e7\u00e3o aos 12 meses imediatamente passados e n\u00e3o apenas no resultado final de dezembro. A meta s\u00f3 ser\u00e1 considerada descumprida se estourar o intervalo de toler\u00e2ncia por seis meses seguidos.<\/p>\n<p>Causa e efeito<br \/>\nO grande respons\u00e1vel pelo al\u00edvio da infla\u00e7\u00e3o veio do subitem energia el\u00e9trica residencial, que ficou 14,21% mais barata. Esse recuo representou impacto de 0,55 ponto percentual (p.p.) no resultado do m\u00eas. A redu\u00e7\u00e3o \u00e9 a menor desde fevereiro de 2013, quando tinha ca\u00eddo 15,17%.<\/p>\n<p>Essa grande queda de janeiro foi causada pelo B\u00f4nus Itaipu, desconto que 78 milh\u00f5es de consumidores perceberam na conta de luz.<\/p>\n<p>Clique aqui\u00a0e entenda o que \u00e9 o b\u00f4nus na conta de luz que ajudou a segurar a infla\u00e7\u00e3o.<\/p>\n<p>Com a energia el\u00e9trica mais barata em janeiro, o grupo habita\u00e7\u00e3o recuou 3,08%, representando impacto de 0,46 p.p. no IPCA.<\/p>\n<p>Transportes e alimentos<br \/>\nNa outra ponta da infla\u00e7\u00e3o, est\u00e3o os pre\u00e7os dos alimentos e dos transportes, que pressionaram o \u00edndice para cima. Os transportes subiram 1,3%, um impacto de 0,27 p.p. Os vil\u00f5es foram os pre\u00e7os das passagens a\u00e9reas, que aumentaram 10,42% e \u00f4nibus urbano (3,84%). As tarifas de \u00f4nibus tiveram reajustes em sete das 16 localidades pesquisadas pelo IBGE.<\/p>\n<p>Os alimentos e bebidas tiveram alta de 0,96%, a quinta seguida. Esse grupo contribuiu com 0,21 p.p. do IPCA de janeiro. As maiores press\u00f5es entre os subitens aliment\u00edcios vieram do caf\u00e9 mo\u00eddo (8,56% e impacto de 0,04 p.p.), tomate (20,27% e 0,04 p.p.) e cenoura (36,14% e 0,02 p.p.).<\/p>\n<p>O pre\u00e7o do caf\u00e9, subitem aliment\u00edcio que mais pressionou para cima a infla\u00e7\u00e3o, deve manter o pre\u00e7o em alta, de acordo com produtores.<\/p>\n<p>Difus\u00e3o<br \/>\nEm janeiro, o \u00edndice de difus\u00e3o ficou em 65%, o que significa que 65% dos 377 produtos e servi\u00e7os pesquisados tiveram aumento de pre\u00e7os. Em dezembro de 2024, o \u00edndice tinha sido de 69%.<\/p>\n<p>O IPCA apura o custo de vida para fam\u00edlias com rendimentos entre um e 40 sal\u00e1rios m\u00ednimos. A coleta de pre\u00e7os \u00e9 feita nas regi\u00f5es metropolitanas de Bel\u00e9m, Fortaleza, Recife, Salvador, Belo Horizonte, Vit\u00f3ria, Rio de Janeiro, S\u00e3o Paulo, Curitiba, Porto Alegre, al\u00e9m do Distrito Federal e de Goi\u00e2nia, Campo Grande, Rio Branco, S\u00e3o Lu\u00eds e Aracaju. (Abr)<\/p>\n","protected":false},"excerpt":{"rendered":"<p>A infla\u00e7\u00e3o oficial de janeiro perdeu for\u00e7a e ficou em 0,16%. Este \u00e9 o menor resultado para um m\u00eas de janeiro desde 1994, ou seja, desde antes do Plano Real, iniciado em julho daquele ano. A explica\u00e7\u00e3o para a desacelera\u00e7\u00e3o do \u00cdndice Nacional de Pre\u00e7os ao Consumidor Amplo (IPCA), divulgado nesta ter\u00e7a-feira (11), no Rio de Janeiro, pelo Instituto Brasileiro de Geografia e Estat\u00edstica (IBGE), \u00e9 o B\u00f4nus Itaipu, desconto que milh\u00f5es de brasileiros tiveram na conta de luz do m\u00eas passado. Em dezembro de 2024, o IPCA tinha ficado em 0,52%. A desacelera\u00e7\u00e3o n\u00e3o significa que os pre\u00e7os ficaram [&hellip;]<\/p>\n","protected":false},"author":1,"featured_media":59894,"comment_status":"open","ping_status":"closed","sticky":false,"template":"","format":"standard","meta":{"_links_to":"","_links_to_target":""},"categories":[7,1],"tags":[],"views":918,"_links":{"self":[{"href":"https:\/\/www.brazilianpress.com\/v1\/wp-json\/wp\/v2\/posts\/59893"}],"collection":[{"href":"https:\/\/www.brazilianpress.com\/v1\/wp-json\/wp\/v2\/posts"}],"about":[{"href":"https:\/\/www.brazilianpress.com\/v1\/wp-json\/wp\/v2\/types\/post"}],"author":[{"embeddable":true,"href":"https:\/\/www.brazilianpress.com\/v1\/wp-json\/wp\/v2\/users\/1"}],"replies":[{"embeddable":true,"href":"https:\/\/www.brazilianpress.com\/v1\/wp-json\/wp\/v2\/comments?post=59893"}],"version-history":[{"count":2,"href":"https:\/\/www.brazilianpress.com\/v1\/wp-json\/wp\/v2\/posts\/59893\/revisions"}],"predecessor-version":[{"id":59896,"href":"https:\/\/www.brazilianpress.com\/v1\/wp-json\/wp\/v2\/posts\/59893\/revisions\/59896"}],"wp:featuredmedia":[{"embeddable":true,"href":"https:\/\/www.brazilianpress.com\/v1\/wp-json\/wp\/v2\/media\/59894"}],"wp:attachment":[{"href":"https:\/\/www.brazilianpress.com\/v1\/wp-json\/wp\/v2\/media?parent=59893"}],"wp:term":[{"taxonomy":"category","embeddable":true,"href":"https:\/\/www.brazilianpress.com\/v1\/wp-json\/wp\/v2\/categories?post=59893"},{"taxonomy":"post_tag","embeddable":true,"href":"https:\/\/www.brazilianpress.com\/v1\/wp-json\/wp\/v2\/tags?post=59893"}],"curies":[{"name":"wp","href":"https:\/\/api.w.org\/{rel}","templated":true}]}}