{"id":59903,"date":"2025-02-14T10:38:02","date_gmt":"2025-02-14T14:38:02","guid":{"rendered":"https:\/\/www.brazilianpress.com\/v1\/?p=59903"},"modified":"2025-02-14T17:02:03","modified_gmt":"2025-02-14T21:02:03","slug":"video-vizinhos-ficam-assustados-ao-flagrarem-agentes-da-ice-invadindo-residencia-e-prendendo-moradores","status":"publish","type":"post","link":"https:\/\/www.brazilianpress.com\/v1\/2025\/02\/14\/video-vizinhos-ficam-assustados-ao-flagrarem-agentes-da-ice-invadindo-residencia-e-prendendo-moradores\/","title":{"rendered":"V\u00cdDEO: Vizinhos ficam assustados ao flagrarem agentes da ICE invadindo resid\u00eancia e prendendo moradores"},"content":{"rendered":"<p><strong>Nesta quinta-feira (14), o bairro tranquilo pr\u00f3ximo \u00e0s ruas Farthing e Delafield, no norte de Durham, foi surpreendido por uma opera\u00e7\u00e3o do Servi\u00e7o de Imigra\u00e7\u00e3o e Controle de Alf\u00e2ndega (ICE, na sigla em ingl\u00eas). A a\u00e7\u00e3o, que ocorreu em plena luz do dia, deixou os moradores em estado de choque e levantou quest\u00f5es sobre os m\u00e9todos utilizados pelos agentes federais.<\/strong><\/p>\n<p>&#8220;Ficamos todos abalados, n\u00e3o consegu\u00edamos acreditar no que t\u00ednhamos acabado de ver&#8221;, relatou Alisa Cullison, uma das moradoras que presenciou a cena. Cullison estava passeando com seu cachorro quando notou ve\u00edculos suspeitos circulando pela vizinhan\u00e7a. &#8220;Dirigindo por a\u00ed, demorando, parando na frente de certas casas, parando, dando meia-volta&#8230; Nunca tinha visto esse carro antes&#8221;, descreveu. <span style=\"color: #ff0000;\"><strong>Assista a reportagem:<\/strong><\/span><\/p>\n<p><iframe loading=\"lazy\" width=\"700\" height=\"420\" src=\"https:\/\/abc11.com\/video\/embed\/?pid=15905940\" allowfullscreen frameborder=\"0\"><\/iframe><\/p>\n<p>Poucas horas depois, Emily Ingebretsen, outra vizinha, viu cerca de uma d\u00fazia de homens mascarados e equipados com trajes t\u00e1ticos invadirem um carro e, em seguida, uma casa. Tr\u00eas homens foram detidos. &#8220;\u00c9 uma loucura ver seus vizinhos serem arrancados do nada no meio do dia. Isso n\u00e3o \u00e9 normal&#8221;, disse Ingebretsen, que questionou os agentes sobre a legalidade da opera\u00e7\u00e3o. &#8220;Perguntei a ele: &#8216;Por que voc\u00ea est\u00e1 usando uma m\u00e1scara?&#8217; Ele respondeu que, se eu estivesse fazendo algo na minha comunidade, talvez fosse melhor cobrir o rosto tamb\u00e9m&#8221;, relatou.<\/p>\n<p><strong>Grava\u00e7\u00f5es e questionamentos<\/strong><br \/>\nOs moradores, em um ato de resist\u00eancia, gravaram v\u00eddeos da opera\u00e7\u00e3o e questionaram os agentes sobre a exist\u00eancia de um mandado judicial. Apesar das perguntas, os agentes n\u00e3o se identificaram claramente, mas Ingebretsen afirmou ter visto um distintivo do ICE. As imagens e relatos foram repassados ao grupo Siembra NC, uma organiza\u00e7\u00e3o de direitos dos imigrantes que atua na regi\u00e3o.<\/p>\n<p><img loading=\"lazy\" class=\"alignnone size-full wp-image-59905\" src=\"https:\/\/www.brazilianpress.com\/v1\/wp-content\/uploads\/2025\/02\/batida-prisao-ice-imigrantes-ilegais-durham-north-caroline-police-2.jpg\" alt=\"\" width=\"700\" height=\"369\" srcset=\"https:\/\/www.brazilianpress.com\/v1\/wp-content\/uploads\/2025\/02\/batida-prisao-ice-imigrantes-ilegais-durham-north-caroline-police-2.jpg 700w, https:\/\/www.brazilianpress.com\/v1\/wp-content\/uploads\/2025\/02\/batida-prisao-ice-imigrantes-ilegais-durham-north-caroline-police-2-300x158.jpg 300w\" sizes=\"(max-width: 700px) 100vw, 700px\" \/><\/p>\n<p>Segundo o Siembra NC, a fam\u00edlia dos tr\u00eas homens detidos, que s\u00e3o origin\u00e1rios da \u00cdndia, confirmou que se tratava de uma opera\u00e7\u00e3o do ICE. O grupo destacou a import\u00e2ncia da a\u00e7\u00e3o dos vizinhos em documentar o ocorrido. &#8220;Eles pararam de trabalhar e decidiram aparecer para ajudar os vizinhos. Ligaram para a linha direta e conseguiram registrar e servir como testemunhas do que estava acontecendo&#8221;, explicou Kelly Morales, representante da organiza\u00e7\u00e3o.<\/p>\n<p><strong>Falsos alarmes e treinamento comunit\u00e1rio<\/strong><br \/>\nO Siembra NC tamb\u00e9m alertou sobre falsos alarmes recentes envolvendo supostas opera\u00e7\u00f5es do ICE, como o caso de um caminh\u00e3o falso que espalhou medo em um bairro hisp\u00e2nico pr\u00f3ximo ao supermercado Compare Foods, em Alston, h\u00e1 algumas semanas. Morales enfatizou a import\u00e2ncia de os moradores se unirem e se prepararem para situa\u00e7\u00f5es como essa. &#8220;N\u00e3o acho que eles estejam contando que nos uniremos e lutaremos. N\u00e3o vamos nos deixar intimidar por isso&#8221;, afirmou.<\/p>\n<p><img loading=\"lazy\" class=\"alignnone size-full wp-image-59906\" src=\"https:\/\/www.brazilianpress.com\/v1\/wp-content\/uploads\/2025\/02\/batida-prisao-ice-imigrantes-ilegais-durham-north-caroline-police-3.jpg\" alt=\"\" width=\"700\" height=\"404\" srcset=\"https:\/\/www.brazilianpress.com\/v1\/wp-content\/uploads\/2025\/02\/batida-prisao-ice-imigrantes-ilegais-durham-north-caroline-police-3.jpg 700w, https:\/\/www.brazilianpress.com\/v1\/wp-content\/uploads\/2025\/02\/batida-prisao-ice-imigrantes-ilegais-durham-north-caroline-police-3-300x173.jpg 300w\" sizes=\"(max-width: 700px) 100vw, 700px\" \/><\/p>\n<p>O grupo realiza treinamentos em todo o estado para ensinar as comunidades a responder a agentes federais, incluindo a exig\u00eancia de mandados judiciais e a import\u00e2ncia de documentar opera\u00e7\u00f5es. Um novo treinamento est\u00e1 programado para ocorrer em Durham em breve.<\/p>\n<p><strong>Rea\u00e7\u00e3o das autoridades<\/strong><br \/>\nO prefeito de Durham, Steve Schewel, afirmou que s\u00f3 tomou conhecimento da opera\u00e7\u00e3o ap\u00f3s ser contatado pela imprensa. Ele disse que est\u00e1 investigando o ocorrido. Em nota, a Alf\u00e2ndega e Prote\u00e7\u00e3o de Fronteiras dos EUA confirmou a opera\u00e7\u00e3o, afirmando que &#8220;resultou na deten\u00e7\u00e3o de v\u00e1rios indiv\u00edduos identificados como estrangeiros ilegais&#8221;. Os detidos est\u00e3o atualmente em um centro de deten\u00e7\u00e3o federal, aguardando audi\u00eancias de deporta\u00e7\u00e3o.<\/p>\n<p>Enquanto isso, a comunidade de Durham segue em alerta, unindo-se para proteger seus vizinhos e questionar os m\u00e9todos utilizados pelo ICE. &#8220;Eles n\u00e3o esperavam que nos un\u00edssemos&#8221;, disse Morales. &#8220;Mas \u00e9 exatamente isso que vamos fazer.&#8221;<\/p>\n","protected":false},"excerpt":{"rendered":"<p>Nesta quinta-feira (14), o bairro tranquilo pr\u00f3ximo \u00e0s ruas Farthing e Delafield, no norte de Durham, foi surpreendido por uma opera\u00e7\u00e3o do Servi\u00e7o de Imigra\u00e7\u00e3o e Controle de Alf\u00e2ndega (ICE, na sigla em ingl\u00eas). A a\u00e7\u00e3o, que ocorreu em plena luz do dia, deixou os moradores em estado de choque e levantou quest\u00f5es sobre os m\u00e9todos utilizados pelos agentes federais. &#8220;Ficamos todos abalados, n\u00e3o consegu\u00edamos acreditar no que t\u00ednhamos acabado de ver&#8221;, relatou Alisa Cullison, uma das moradoras que presenciou a cena. Cullison estava passeando com seu cachorro quando notou ve\u00edculos suspeitos circulando pela vizinhan\u00e7a. &#8220;Dirigindo por a\u00ed, demorando, parando [&hellip;]<\/p>\n","protected":false},"author":1,"featured_media":59904,"comment_status":"open","ping_status":"closed","sticky":false,"template":"","format":"standard","meta":{"_links_to":"","_links_to_target":""},"categories":[4,3,1],"tags":[],"views":3170,"_links":{"self":[{"href":"https:\/\/www.brazilianpress.com\/v1\/wp-json\/wp\/v2\/posts\/59903"}],"collection":[{"href":"https:\/\/www.brazilianpress.com\/v1\/wp-json\/wp\/v2\/posts"}],"about":[{"href":"https:\/\/www.brazilianpress.com\/v1\/wp-json\/wp\/v2\/types\/post"}],"author":[{"embeddable":true,"href":"https:\/\/www.brazilianpress.com\/v1\/wp-json\/wp\/v2\/users\/1"}],"replies":[{"embeddable":true,"href":"https:\/\/www.brazilianpress.com\/v1\/wp-json\/wp\/v2\/comments?post=59903"}],"version-history":[{"count":2,"href":"https:\/\/www.brazilianpress.com\/v1\/wp-json\/wp\/v2\/posts\/59903\/revisions"}],"predecessor-version":[{"id":59911,"href":"https:\/\/www.brazilianpress.com\/v1\/wp-json\/wp\/v2\/posts\/59903\/revisions\/59911"}],"wp:featuredmedia":[{"embeddable":true,"href":"https:\/\/www.brazilianpress.com\/v1\/wp-json\/wp\/v2\/media\/59904"}],"wp:attachment":[{"href":"https:\/\/www.brazilianpress.com\/v1\/wp-json\/wp\/v2\/media?parent=59903"}],"wp:term":[{"taxonomy":"category","embeddable":true,"href":"https:\/\/www.brazilianpress.com\/v1\/wp-json\/wp\/v2\/categories?post=59903"},{"taxonomy":"post_tag","embeddable":true,"href":"https:\/\/www.brazilianpress.com\/v1\/wp-json\/wp\/v2\/tags?post=59903"}],"curies":[{"name":"wp","href":"https:\/\/api.w.org\/{rel}","templated":true}]}}