{"id":59908,"date":"2025-02-14T16:55:50","date_gmt":"2025-02-14T20:55:50","guid":{"rendered":"https:\/\/www.brazilianpress.com\/v1\/?p=59908"},"modified":"2025-02-14T16:55:50","modified_gmt":"2025-02-14T20:55:50","slug":"video-mulher-filma-o-marido-sendo-levado-por-agentes-da-ice-apos-sua-casa-ser-invadida-por-eles","status":"publish","type":"post","link":"https:\/\/www.brazilianpress.com\/v1\/2025\/02\/14\/video-mulher-filma-o-marido-sendo-levado-por-agentes-da-ice-apos-sua-casa-ser-invadida-por-eles\/","title":{"rendered":"V\u00cdDEO: Mulher filma o marido sendo levado por agentes da ICE ap\u00f3s sua casa ser invadida por eles"},"content":{"rendered":"<p><strong>Loreal Duran, residente de Echo Park, ainda se recupera do trauma vivido em 23 de janeiro, quando agentes do Servi\u00e7o de Imigra\u00e7\u00e3o e Alf\u00e2ndega (ICE) detiveram seu marido, Giovanni Duran, na frente de seus filhos pequenos. A cena, descrita por ela como &#8220;chocante e desumana&#8221;, ocorreu por volta das 8h da manh\u00e3, quando quatro ve\u00edculos sem identifica\u00e7\u00e3o cercaram o carro da fam\u00edlia. Sem apresentar um mandado ou justificativa clara, os agentes algemaram Giovanni e o levaram, deixando a fam\u00edlia em desespero.<\/strong><\/p>\n<p>&#8220;Estou sentindo muito \u00f3dio. Muita raiva. E sinto que chegamos a um ponto em que, como sociedade, \u00e9 nisso que tudo se resume&#8221;, desabafou Loreal em entrevista exclusiva \u00e0\u00a0<em>Newsweek<\/em>. &#8220;\u00c9 algum tipo de guerra pol\u00edtica, e eles est\u00e3o brincando com a vida das pessoas e com as fam\u00edlias das pessoas&#8221;, acrescentou. <span style=\"color: #ff0000;\"><strong>Assista:<\/strong><\/span><\/p>\n<blockquote class=\"twitter-tweet\" data-width=\"550\" data-dnt=\"true\">\n<p lang=\"en\" dir=\"ltr\">\ud83d\udea8ICE RAIDS: Woman films immigrant husband being arrested and taken away by ICE agents in Echo Park, Los Angeles <a href=\"https:\/\/t.co\/QdQnddSyOm\">pic.twitter.com\/QdQnddSyOm<\/a><\/p>\n<p>&mdash; Blog do Marcelo USA (@blogdomarcelous) <a href=\"https:\/\/twitter.com\/blogdomarcelous\/status\/1890503558614643172?ref_src=twsrc%5Etfw\">February 14, 2025<\/a><\/p><\/blockquote>\n<p><script async src=\"https:\/\/platform.twitter.com\/widgets.js\" charset=\"utf-8\"><\/script><\/p>\n<p><strong>Impacto Profundo nas Crian\u00e7as<\/strong><br \/>\nO filho do casal, de 7 anos, que tem autismo, testemunhou a deten\u00e7\u00e3o do pai. Confuso e assustado, o menino inicialmente contou aos amigos que o pai havia sido preso por n\u00e3o usar cinto de seguran\u00e7a. Uma semana depois, no entanto, sua narrativa mudou: &#8220;Meu pai foi preso porque ele \u00e9 moreno&#8221;, disse ele, segundo Loreal.<\/p>\n<p>A m\u00e3e descreveu a cena como &#8220;traum\u00e1tica&#8221; e criticou a falta de transpar\u00eancia dos agentes. &#8220;Eles n\u00e3o pediram o nome dele. N\u00e3o pediram identifica\u00e7\u00e3o. Simplesmente o tiraram do carro e o algemaram&#8221;, relatou. Quando questionou os agentes sobre o mandado, eles se recusaram a apresentar qualquer documenta\u00e7\u00e3o, entregando apenas um cart\u00e3o de visita com o n\u00famero de identifica\u00e7\u00e3o de Giovanni.<\/p>\n<p><strong>A Legalidade da A\u00e7\u00e3o<\/strong><br \/>\nDe acordo com a Se\u00e7\u00e3o 287 da Lei de Imigra\u00e7\u00e3o e Nacionalidade, agentes do ICE t\u00eam autoridade para deter indiv\u00edduos sem mandado em espa\u00e7os p\u00fablicos, desde que haja causa prov\u00e1vel para acreditar que a pessoa est\u00e1 violando leis de imigra\u00e7\u00e3o. No entanto, a falta de clareza e transpar\u00eancia no caso de Giovanni Duran levantou questionamentos sobre a conduta dos agentes.<\/p>\n<p>Giovanni, que veio de El Salvador para os Estados Unidos aos 2 anos de idade, vive no pa\u00eds h\u00e1 quase quatro d\u00e9cadas. Trabalhando como gar\u00e7om em um restaurante de sushi em Los Angeles, ele era o principal sustento da fam\u00edlia. Atualmente, ele est\u00e1 detido no centro de deten\u00e7\u00e3o de Adelanto, uma instala\u00e7\u00e3o privada sob contrato com o ICE, aguardando deporta\u00e7\u00e3o para El Salvador.<\/p>\n<p><strong>Crescente Tens\u00e3o sob o Governo Trump<\/strong><br \/>\nDesde a posse do presidente Donald Trump em 20 de janeiro, o Departamento de Seguran\u00e7a Interna relatou mais de 8.000 pris\u00f5es de imigrantes indocumentados, com cerca de 5.000 deporta\u00e7\u00f5es ou remo\u00e7\u00f5es. Para fam\u00edlias como a de Loreal, essas a\u00e7\u00f5es representam n\u00e3o apenas uma amea\u00e7a \u00e0 estabilidade, mas tamb\u00e9m um ataque direto \u00e0 sua dignidade e direitos.<\/p>\n<p>&#8220;Eu n\u00e3o tenho meu marido, e meus filhos n\u00e3o t\u00eam pai&#8221;, lamentou Loreal. Enquanto aguarda not\u00edcias sobre o futuro de Giovanni, ela luta para manter a fam\u00edlia unida e proteger seus filhos do trauma emocional causado pela separa\u00e7\u00e3o abrupta.<\/p>\n<p>O ICE, quando contatado pela\u00a0<em>Newsweek<\/em>, n\u00e3o comentou o caso espec\u00edfico, citando a impossibilidade de responder a detalhes sobre opera\u00e7\u00f5es di\u00e1rias devido ao &#8220;ritmo operacional e ao interesse crescente na ag\u00eancia&#8221;.\u00a0Enquanto isso, Loreal Duran e sua fam\u00edlia continuam a enfrentar um futuro incerto, simbolizando as milhares de hist\u00f3rias de imigrantes que vivem sob a sombra do medo e da incerteza nos Estados Unidos.<\/p>\n","protected":false},"excerpt":{"rendered":"<p>Loreal Duran, residente de Echo Park, ainda se recupera do trauma vivido em 23 de janeiro, quando agentes do Servi\u00e7o de Imigra\u00e7\u00e3o e Alf\u00e2ndega (ICE) detiveram seu marido, Giovanni Duran, na frente de seus filhos pequenos. A cena, descrita por ela como &#8220;chocante e desumana&#8221;, ocorreu por volta das 8h da manh\u00e3, quando quatro ve\u00edculos sem identifica\u00e7\u00e3o cercaram o carro da fam\u00edlia. Sem apresentar um mandado ou justificativa clara, os agentes algemaram Giovanni e o levaram, deixando a fam\u00edlia em desespero. &#8220;Estou sentindo muito \u00f3dio. Muita raiva. E sinto que chegamos a um ponto em que, como sociedade, \u00e9 nisso [&hellip;]<\/p>\n","protected":false},"author":1,"featured_media":59909,"comment_status":"open","ping_status":"closed","sticky":false,"template":"","format":"standard","meta":{"_links_to":"","_links_to_target":""},"categories":[3,1,10],"tags":[],"views":3712,"_links":{"self":[{"href":"https:\/\/www.brazilianpress.com\/v1\/wp-json\/wp\/v2\/posts\/59908"}],"collection":[{"href":"https:\/\/www.brazilianpress.com\/v1\/wp-json\/wp\/v2\/posts"}],"about":[{"href":"https:\/\/www.brazilianpress.com\/v1\/wp-json\/wp\/v2\/types\/post"}],"author":[{"embeddable":true,"href":"https:\/\/www.brazilianpress.com\/v1\/wp-json\/wp\/v2\/users\/1"}],"replies":[{"embeddable":true,"href":"https:\/\/www.brazilianpress.com\/v1\/wp-json\/wp\/v2\/comments?post=59908"}],"version-history":[{"count":1,"href":"https:\/\/www.brazilianpress.com\/v1\/wp-json\/wp\/v2\/posts\/59908\/revisions"}],"predecessor-version":[{"id":59910,"href":"https:\/\/www.brazilianpress.com\/v1\/wp-json\/wp\/v2\/posts\/59908\/revisions\/59910"}],"wp:featuredmedia":[{"embeddable":true,"href":"https:\/\/www.brazilianpress.com\/v1\/wp-json\/wp\/v2\/media\/59909"}],"wp:attachment":[{"href":"https:\/\/www.brazilianpress.com\/v1\/wp-json\/wp\/v2\/media?parent=59908"}],"wp:term":[{"taxonomy":"category","embeddable":true,"href":"https:\/\/www.brazilianpress.com\/v1\/wp-json\/wp\/v2\/categories?post=59908"},{"taxonomy":"post_tag","embeddable":true,"href":"https:\/\/www.brazilianpress.com\/v1\/wp-json\/wp\/v2\/tags?post=59908"}],"curies":[{"name":"wp","href":"https:\/\/api.w.org\/{rel}","templated":true}]}}