{"id":60138,"date":"2025-03-18T18:15:18","date_gmt":"2025-03-18T22:15:18","guid":{"rendered":"https:\/\/www.brazilianpress.com\/v1\/?p=60138"},"modified":"2025-03-18T18:15:18","modified_gmt":"2025-03-18T22:15:18","slug":"video-deputado-federal-eduardo-bolsonaro-se-licencia-do-mandato-e-diz-que-vai-pedir-asilo-politico-nos-eua","status":"publish","type":"post","link":"https:\/\/www.brazilianpress.com\/v1\/2025\/03\/18\/video-deputado-federal-eduardo-bolsonaro-se-licencia-do-mandato-e-diz-que-vai-pedir-asilo-politico-nos-eua\/","title":{"rendered":"V\u00cdDEO: Deputado federal Eduardo Bolsonaro se licencia do mandato e diz que vai pedir asilo pol\u00edtico nos EUA"},"content":{"rendered":"<p><strong>Em entrevista \u00e0 CNN nesta ter\u00e7a-feira (18), o deputado federal Eduardo Bolsonaro (PL) declarou que n\u00e3o tem planos de retornar ao Brasil no curto prazo e que pretende solicitar asilo pol\u00edtico ao governo dos Estados Unidos. O parlamentar, que anunciou licenciamento do mandato, justificou a decis\u00e3o ao citar um cen\u00e1rio de persegui\u00e7\u00e3o \u00e0 direita no Brasil, com foco nas a\u00e7\u00f5es do ministro do Supremo Tribunal Federal (STF) Alexandre de Moraes.<\/strong><\/p>\n<p>\u201cN\u00e3o tenho voo de volta para o Brasil. Devo fazer o pedido de asilo pol\u00edtico ao governo dos Estados Unidos\u201d, afirmou Eduardo Bolsonaro. O asilo pol\u00edtico \u00e9 uma prote\u00e7\u00e3o legal oferecida a estrangeiros que alegam persegui\u00e7\u00e3o em seus pa\u00edses de origem. O deputado criticou duramente o ministro do STF, afirmando que o Brasil n\u00e3o vive mais em uma democracia. \u201cN\u00e3o \u00e9 poss\u00edvel um parlamentar perder o passaporte pelo que ele fala. Cad\u00ea a imunidade parlamentar?\u201d, questionou.<\/p>\n<blockquote class=\"twitter-tweet\" data-width=\"550\" data-dnt=\"true\">\n<p lang=\"en\" dir=\"ltr\">\ud83c\uddfa\ud83c\uddf8 It&#39;s not safe comeback to Brazil. Only by doing my congressman regular work my passport is at risk<\/p>\n<p>Supreme court justice Alexandre de Moraes asked the Attorney General to seize my passport attending a request made my PT (Labor&#39;s Party) congressmen. Looks like I committed the\u2026 <a href=\"https:\/\/t.co\/xIDY2bFSM9\">pic.twitter.com\/xIDY2bFSM9<\/a><\/p>\n<p>&mdash; Eduardo Bolsonaro\ud83c\udde7\ud83c\uddf7 (@BolsonaroSP) <a href=\"https:\/\/twitter.com\/BolsonaroSP\/status\/1902118088662745276?ref_src=twsrc%5Etfw\">March 18, 2025<\/a><\/p><\/blockquote>\n<p><script async src=\"https:\/\/platform.twitter.com\/widgets.js\" charset=\"utf-8\"><\/script><\/p>\n<p>Eduardo Bolsonaro tamb\u00e9m expressou preocupa\u00e7\u00e3o com poss\u00edveis retalia\u00e7\u00f5es, como o bloqueio de suas contas banc\u00e1rias e a solicita\u00e7\u00e3o de extradi\u00e7\u00e3o. \u201cEle [Alexandre de Moraes] deve pedir o cancelamento do meu passaporte, bloquear minha conta no Brasil e fazer um pedido de extradi\u00e7\u00e3o. Isso n\u00e3o \u00e9 normal em uma democracia\u201d, declarou. O parlamentar ainda fez duras cr\u00edticas ao ministro do STF, sugerindo que outros integrantes da Corte que seguirem as decis\u00f5es de Moraes contra a liberdade de express\u00e3o poder\u00e3o enfrentar san\u00e7\u00f5es semelhantes. \u201cEu digo mais: o ministro do STF que seguir Moraes nas decis\u00f5es contra a liberdade de express\u00e3o vai correr o risco de sofrer as mesmas san\u00e7\u00f5es\u201d, afirmou.<\/p>\n<p>No final de fevereiro, Eduardo Bolsonaro foi alvo de uma representa\u00e7\u00e3o criminal movida pelos deputados do PT Lindbergh Farias (RJ) e Rog\u00e9rio Correia (MG), que acusam o parlamentar de conspirar contra institui\u00e7\u00f5es brasileiras durante sua estadia nos EUA. Entre as medidas solicitadas pelos petistas est\u00e1 a apreens\u00e3o do passaporte do deputado.\u00a0A CNN entrou em contato com o ministro Alexandre de Moraes e com o STF para comentar as declara\u00e7\u00f5es de Eduardo Bolsonaro, mas ainda aguarda posicionamentos. O caso reacende o debate sobre a rela\u00e7\u00e3o entre os Poderes e a liberdade de express\u00e3o no Brasil.<\/p>\n","protected":false},"excerpt":{"rendered":"<p>Em entrevista \u00e0 CNN nesta ter\u00e7a-feira (18), o deputado federal Eduardo Bolsonaro (PL) declarou que n\u00e3o tem planos de retornar ao Brasil no curto prazo e que pretende solicitar asilo pol\u00edtico ao governo dos Estados Unidos. O parlamentar, que anunciou licenciamento do mandato, justificou a decis\u00e3o ao citar um cen\u00e1rio de persegui\u00e7\u00e3o \u00e0 direita no Brasil, com foco nas a\u00e7\u00f5es do ministro do Supremo Tribunal Federal (STF) Alexandre de Moraes. \u201cN\u00e3o tenho voo de volta para o Brasil. Devo fazer o pedido de asilo pol\u00edtico ao governo dos Estados Unidos\u201d, afirmou Eduardo Bolsonaro. O asilo pol\u00edtico \u00e9 uma prote\u00e7\u00e3o legal [&hellip;]<\/p>\n","protected":false},"author":1,"featured_media":60139,"comment_status":"open","ping_status":"closed","sticky":false,"template":"","format":"standard","meta":{"_links_to":"","_links_to_target":""},"categories":[7,3,1],"tags":[],"views":1522,"_links":{"self":[{"href":"https:\/\/www.brazilianpress.com\/v1\/wp-json\/wp\/v2\/posts\/60138"}],"collection":[{"href":"https:\/\/www.brazilianpress.com\/v1\/wp-json\/wp\/v2\/posts"}],"about":[{"href":"https:\/\/www.brazilianpress.com\/v1\/wp-json\/wp\/v2\/types\/post"}],"author":[{"embeddable":true,"href":"https:\/\/www.brazilianpress.com\/v1\/wp-json\/wp\/v2\/users\/1"}],"replies":[{"embeddable":true,"href":"https:\/\/www.brazilianpress.com\/v1\/wp-json\/wp\/v2\/comments?post=60138"}],"version-history":[{"count":1,"href":"https:\/\/www.brazilianpress.com\/v1\/wp-json\/wp\/v2\/posts\/60138\/revisions"}],"predecessor-version":[{"id":60140,"href":"https:\/\/www.brazilianpress.com\/v1\/wp-json\/wp\/v2\/posts\/60138\/revisions\/60140"}],"wp:featuredmedia":[{"embeddable":true,"href":"https:\/\/www.brazilianpress.com\/v1\/wp-json\/wp\/v2\/media\/60139"}],"wp:attachment":[{"href":"https:\/\/www.brazilianpress.com\/v1\/wp-json\/wp\/v2\/media?parent=60138"}],"wp:term":[{"taxonomy":"category","embeddable":true,"href":"https:\/\/www.brazilianpress.com\/v1\/wp-json\/wp\/v2\/categories?post=60138"},{"taxonomy":"post_tag","embeddable":true,"href":"https:\/\/www.brazilianpress.com\/v1\/wp-json\/wp\/v2\/tags?post=60138"}],"curies":[{"name":"wp","href":"https:\/\/api.w.org\/{rel}","templated":true}]}}