{"id":60170,"date":"2025-03-22T13:12:07","date_gmt":"2025-03-22T17:12:07","guid":{"rendered":"https:\/\/www.brazilianpress.com\/v1\/?p=60170"},"modified":"2025-03-22T13:12:07","modified_gmt":"2025-03-22T17:12:07","slug":"governo-trump-revoga-status-legal-de-530-mil-imigrantes-nos-eua-medida-entre-em-vigor-na-segunda-feira","status":"publish","type":"post","link":"https:\/\/www.brazilianpress.com\/v1\/2025\/03\/22\/governo-trump-revoga-status-legal-de-530-mil-imigrantes-nos-eua-medida-entre-em-vigor-na-segunda-feira\/","title":{"rendered":"Governo Trump revoga status legal de 530 mil imigrantes nos EUA. Medida entre em vigor na segunda-feira"},"content":{"rendered":"<p><strong>O governo do presidente dos Estados Unidos, Donald Trump, revogar\u00e1 o status legal tempor\u00e1rio de 530 mil cubanos, haitianos, nicaraguenses e venezuelanos nos Estados Unidos, de acordo com um aviso do Federal Register de sexta-feira (21). Essa \u00e9 a mais recente expans\u00e3o da repress\u00e3o \u00e0 imigra\u00e7\u00e3o.<\/strong><\/p>\n<p>A medida, que entra em vigor em 24 de abril, interrompe uma \u201cliberdade condicional\u201d de dois anos concedida aos migrantes pelo ex-presidente Joe Biden. Esse programa lhes permitia entrar no pa\u00eds por via a\u00e9rea se tivessem patrocinadores dos EUA.<\/p>\n<p>Trump, tomou medidas para aumentar a fiscaliza\u00e7\u00e3o da imigra\u00e7\u00e3o ap\u00f3s assumir o cargo, incluindo um esfor\u00e7o para deportar n\u00fameros recordes de migrantes nos EUA de forma ilegal. Ele argumentou que os programas de liberdade condicional de entrada legal lan\u00e7ados sob seu antecessor democrata ultrapassaram os limites da lei federal e pediu seu t\u00e9rmino em uma ordem executiva de 20 de janeiro.<\/p>\n<p>Trump disse em 6 de mar\u00e7o que decidiria \u201cmuito em breve\u201d se retiraria o status de liberdade condicional de cerca de 240 mil ucranianos que fugiram para os EUA durante o conflito com a R\u00fassia. Os coment\u00e1rios de Trump vieram em resposta a uma reportagem da Reuters que disse que seu governo planejava revogar o status para ucranianos j\u00e1 em abril.<\/p>\n<p>Biden lan\u00e7ou um programa de entrada em liberdade condicional para venezuelanos em 2022 e o expandiu para cubanos, haitianos e nicaraguenses em 2023, enquanto sua administra\u00e7\u00e3o lutava com altos n\u00edveis de imigra\u00e7\u00e3o ilegal dessas nacionalidades. As rela\u00e7\u00f5es diplom\u00e1ticas e pol\u00edticas entre os quatro pa\u00edses e os Estados Unidos t\u00eam sido tensas.<\/p>\n<p>A decis\u00e3o do governo Trump de retirar o status legal de meio milh\u00e3o de migrantes pode deixar muitos vulner\u00e1veis \u200b\u200b\u00e0 deporta\u00e7\u00e3o se eles decidirem permanecer nos EUA. Ainda n\u00e3o est\u00e1 claro quantos que entraram nos EUA em liberdade condicional agora t\u00eam outra forma de prote\u00e7\u00e3o ou status legal.<\/p>\n<p>Em um aviso que ser\u00e1 publicado formalmente no Federal Register na segunda-feira (24), o Departamento de Seguran\u00e7a Interna dos EUA disse que revogar o status de liberdade condicional tornaria mais f\u00e1cil colocar os migrantes em um processo de deporta\u00e7\u00e3o r\u00e1pido conhecido como \u201cremo\u00e7\u00e3o acelerada\u201d.\u00a0Segundo uma pol\u00edtica da era Trump implementada em janeiro, a remo\u00e7\u00e3o acelerada pode ser aplicada a certos migrantes nos EUA por dois anos ou menos.<\/p>\n","protected":false},"excerpt":{"rendered":"<p>O governo do presidente dos Estados Unidos, Donald Trump, revogar\u00e1 o status legal tempor\u00e1rio de 530 mil cubanos, haitianos, nicaraguenses e venezuelanos nos Estados Unidos, de acordo com um aviso do Federal Register de sexta-feira (21). Essa \u00e9 a mais recente expans\u00e3o da repress\u00e3o \u00e0 imigra\u00e7\u00e3o. A medida, que entra em vigor em 24 de abril, interrompe uma \u201cliberdade condicional\u201d de dois anos concedida aos migrantes pelo ex-presidente Joe Biden. Esse programa lhes permitia entrar no pa\u00eds por via a\u00e9rea se tivessem patrocinadores dos EUA. Trump, tomou medidas para aumentar a fiscaliza\u00e7\u00e3o da imigra\u00e7\u00e3o ap\u00f3s assumir o cargo, incluindo um [&hellip;]<\/p>\n","protected":false},"author":1,"featured_media":60171,"comment_status":"open","ping_status":"closed","sticky":false,"template":"","format":"standard","meta":{"_links_to":"","_links_to_target":""},"categories":[3,1,10],"tags":[],"views":4913,"_links":{"self":[{"href":"https:\/\/www.brazilianpress.com\/v1\/wp-json\/wp\/v2\/posts\/60170"}],"collection":[{"href":"https:\/\/www.brazilianpress.com\/v1\/wp-json\/wp\/v2\/posts"}],"about":[{"href":"https:\/\/www.brazilianpress.com\/v1\/wp-json\/wp\/v2\/types\/post"}],"author":[{"embeddable":true,"href":"https:\/\/www.brazilianpress.com\/v1\/wp-json\/wp\/v2\/users\/1"}],"replies":[{"embeddable":true,"href":"https:\/\/www.brazilianpress.com\/v1\/wp-json\/wp\/v2\/comments?post=60170"}],"version-history":[{"count":1,"href":"https:\/\/www.brazilianpress.com\/v1\/wp-json\/wp\/v2\/posts\/60170\/revisions"}],"predecessor-version":[{"id":60172,"href":"https:\/\/www.brazilianpress.com\/v1\/wp-json\/wp\/v2\/posts\/60170\/revisions\/60172"}],"wp:featuredmedia":[{"embeddable":true,"href":"https:\/\/www.brazilianpress.com\/v1\/wp-json\/wp\/v2\/media\/60171"}],"wp:attachment":[{"href":"https:\/\/www.brazilianpress.com\/v1\/wp-json\/wp\/v2\/media?parent=60170"}],"wp:term":[{"taxonomy":"category","embeddable":true,"href":"https:\/\/www.brazilianpress.com\/v1\/wp-json\/wp\/v2\/categories?post=60170"},{"taxonomy":"post_tag","embeddable":true,"href":"https:\/\/www.brazilianpress.com\/v1\/wp-json\/wp\/v2\/tags?post=60170"}],"curies":[{"name":"wp","href":"https:\/\/api.w.org\/{rel}","templated":true}]}}