{"id":60173,"date":"2025-03-23T11:45:41","date_gmt":"2025-03-23T15:45:41","guid":{"rendered":"https:\/\/www.brazilianpress.com\/v1\/?p=60173"},"modified":"2025-03-23T11:45:41","modified_gmt":"2025-03-23T15:45:41","slug":"brasileiras-envolvidas-nos-ataques-de-8-de-janeiro-sao-presas-ao-tentar-entrar-ilegalmente-nos-eua","status":"publish","type":"post","link":"https:\/\/www.brazilianpress.com\/v1\/2025\/03\/23\/brasileiras-envolvidas-nos-ataques-de-8-de-janeiro-sao-presas-ao-tentar-entrar-ilegalmente-nos-eua\/","title":{"rendered":"Brasileiras envolvidas nos ataques de 8 de janeiro s\u00e3o presas ao tentar entrar ilegalmente nos EUA"},"content":{"rendered":"<p><strong>Quatro mulheres brasileiras envolvidas nos ataques de 8 de janeiro de 2023, data marcada pela invas\u00e3o aos Tr\u00eas Poderes em Bras\u00edlia, foram presas ao tentar entrar ilegalmente nos Estados Unidos. As deten\u00e7\u00f5es ocorreram em janeiro, em meio ao endurecimento das pol\u00edticas imigrat\u00f3rias sob o novo governo de Donald Trump. As quatro aguardam deporta\u00e7\u00e3o para o Brasil e est\u00e3o detidas h\u00e1 mais de 50 dias, segundo informa\u00e7\u00f5es do Departamento de Imigra\u00e7\u00e3o e Alf\u00e2ndega dos EUA (ICE).<\/strong><\/p>\n<p>As identificadas s\u00e3o Raquel Souza Lopes, de Joinville (SC); Rosana Maciel Gomes, de Goi\u00e2nia (GO); Michely Paiva Alves, de Limeira (SP); e Cristiane da Silva, de Balne\u00e1rio Cambori\u00fa (SC). Tr\u00eas delas j\u00e1 foram condenadas por crimes como tentativa de golpe de Estado e dano ao patrim\u00f4nio p\u00fablico, enquanto a quarta possui mandados de pris\u00e3o em aberto no Brasil. Todas fazem parte de um grupo de militantes que deixou o pa\u00eds no primeiro semestre de 2024 e se estabeleceu inicialmente na Argentina, antes de tentar buscar ref\u00fagio pol\u00edtico nos EUA.<\/p>\n<p><img src=\"https:\/\/conteudo.imguol.com.br\/c\/noticias\/d4\/2025\/03\/13\/13mar2025---cristiane-fugiu-do-brasil-apos-ataques-de-8-de-janeiro-1741902591393_v2_750x421.png\" alt=\"\ud83d\udc49\ud83d\udc4f\ud83d\udce2\u2696\ud83d\udc4d\u270d\ud83d\udd0d\ud83d\udd75\ud83d\udd0e\ud83d\ude94\ud83d\udea8\ud83d\ude31Quem s\u00e3o as fugitivas do 8 de Janeiro presas nos EUA  ap\u00f3s posse de Trump | Portilho Online \u2013 Sem Censura ! \u2013 Noticias de  Patrocinio MG e Regi\u00e3o\" \/><\/p>\n<p><strong>Tentativa de asilo frustrada<\/strong><\/p>\n<p>O objetivo das fugitivas era obter asilo pol\u00edtico no governo de Donald Trump, aliado do ex-presidente Jair Bolsonaro (PL). No entanto, a tentativa foi frustrada. Raquel Souza Lopes foi presa em 12 de janeiro ao tentar entrar no Texas, enquanto Rosana, Michely e Cristiane foram detidas em 21 de janeiro ao cruzar a fronteira por El Paso, tamb\u00e9m no Texas. A pris\u00e3o ocorreu em um contexto de promessas do governo Trump de deporta\u00e7\u00f5es em massa de imigrantes indocumentados.<\/p>\n<p><img src=\"https:\/\/p2.trrsf.com\/image\/fget\/cf\/774\/0\/images.terra.com\/2025\/03\/18\/raquel-1hrggl38gdh7p.jpg\" alt=\"Quatro fugitivas do 8\/1 s\u00e3o presas ao entrar ilegalmente nos EUA e aguardam  extradi\u00e7\u00e3o\" \/><\/p>\n<p>As mulheres agora enfrentam processos de &#8220;deporta\u00e7\u00e3o acelerada&#8221;, um mecanismo que permite a expuls\u00e3o de estrangeiros sem audi\u00eancia perante um juiz de imigra\u00e7\u00e3o. Enquanto isso, outros foragidos do 8 de janeiro continuam em pa\u00edses como Argentina, Col\u00f4mbia e Peru, onde alegam persegui\u00e7\u00e3o pol\u00edtica por apoiarem Bolsonaro.<\/p>\n<p><strong>Perfil das detidas<\/strong><\/p>\n<p>Raquel Souza Lopes, de 51 anos, foi condenada a 17 anos de pris\u00e3o por crimes como golpe de Estado e dano ao patrim\u00f4nio p\u00fablico. Ela nega ter destru\u00eddo bens p\u00fablicos e fugiu do Brasil em abril de 2024, passando por cinco pa\u00edses antes de tentar entrar nos EUA. Sua advogada no STF abandonou o caso em dezembro, e sua fam\u00edlia busca agora um novo defensor.<\/p>\n<p>Rosana Maciel Gomes, tamb\u00e9m de 51 anos, foi condenada a 14 anos de pris\u00e3o e possui dois mandados de pris\u00e3o em aberto. Ela fugiu para o Uruguai em janeiro de 2024 e, ap\u00f3s passar por Argentina, Peru, Col\u00f4mbia e M\u00e9xico, foi presa em El Paso. Sua defesa alega que ela n\u00e3o danificou bens p\u00fablicos durante os ataques.<\/p>\n<p><img src=\"https:\/\/i.imgur.com\/vk9ymjQ.jpeg\" \/><\/p>\n<p>Michely Paiva Alves, de 38 anos, \u00e9 r\u00e9 por cinco crimes relacionados ao 8 de janeiro. A comerciante, que chegou a se candidatar a vereadora em Limeira (SP), organizou e financiou um \u00f4nibus que levou militantes a Bras\u00edlia. Ela fugiu para a Argentina em setembro de 2024 e foi presa ao tentar entrar nos EUA em janeiro.<\/p>\n<p>Cristiane da Silva, de 33 anos, foi condenada a um ano de pris\u00e3o por associa\u00e7\u00e3o criminosa e incita\u00e7\u00e3o ao crime. Ela alega que foi a Bras\u00edlia &#8220;para passear&#8221; e n\u00e3o participou dos atos de vandalismo. Ap\u00f3s fugir para a Argentina em junho de 2024, ela seguiu para os EUA, onde foi presa em El Paso.<\/p>\n<p><strong>Contexto e repercuss\u00f5es<\/strong><\/p>\n<p>As pris\u00f5es ocorrem em meio a um cen\u00e1rio de polariza\u00e7\u00e3o pol\u00edtica no Brasil e nos EUA. Enquanto as fugitivas se declaram perseguidas pol\u00edticas, o STF e o governo brasileiro mant\u00eam a posi\u00e7\u00e3o de que os atos de 8 de janeiro foram uma tentativa de golpe de Estado. A Asfav, associa\u00e7\u00e3o que representa investigados no epis\u00f3dio, critica as penas de at\u00e9 17 anos de pris\u00e3o como &#8220;dur\u00edssimas&#8221;.<\/p>\n<p>O Itamaraty n\u00e3o comentou detalhes sobre o caso, citando quest\u00f5es legais. Enquanto isso, organiza\u00e7\u00f5es de direitos dos imigrantes nos EUA criticam o uso de &#8220;expuls\u00f5es aceleradas&#8221;, que negam o direito a uma audi\u00eancia justa. A situa\u00e7\u00e3o das quatro mulheres reflete a complexidade das consequ\u00eancias pol\u00edticas e jur\u00eddicas dos eventos de 8 de janeiro, que continuam a reverberar tanto no Brasil quanto no exterior.<\/p>\n","protected":false},"excerpt":{"rendered":"<p>Quatro mulheres brasileiras envolvidas nos ataques de 8 de janeiro de 2023, data marcada pela invas\u00e3o aos Tr\u00eas Poderes em Bras\u00edlia, foram presas ao tentar entrar ilegalmente nos Estados Unidos. As deten\u00e7\u00f5es ocorreram em janeiro, em meio ao endurecimento das pol\u00edticas imigrat\u00f3rias sob o novo governo de Donald Trump. As quatro aguardam deporta\u00e7\u00e3o para o Brasil e est\u00e3o detidas h\u00e1 mais de 50 dias, segundo informa\u00e7\u00f5es do Departamento de Imigra\u00e7\u00e3o e Alf\u00e2ndega dos EUA (ICE). As identificadas s\u00e3o Raquel Souza Lopes, de Joinville (SC); Rosana Maciel Gomes, de Goi\u00e2nia (GO); Michely Paiva Alves, de Limeira (SP); e Cristiane da Silva, [&hellip;]<\/p>\n","protected":false},"author":1,"featured_media":60174,"comment_status":"open","ping_status":"closed","sticky":false,"template":"","format":"standard","meta":{"_links_to":"","_links_to_target":""},"categories":[4,3,1],"tags":[],"views":1252,"_links":{"self":[{"href":"https:\/\/www.brazilianpress.com\/v1\/wp-json\/wp\/v2\/posts\/60173"}],"collection":[{"href":"https:\/\/www.brazilianpress.com\/v1\/wp-json\/wp\/v2\/posts"}],"about":[{"href":"https:\/\/www.brazilianpress.com\/v1\/wp-json\/wp\/v2\/types\/post"}],"author":[{"embeddable":true,"href":"https:\/\/www.brazilianpress.com\/v1\/wp-json\/wp\/v2\/users\/1"}],"replies":[{"embeddable":true,"href":"https:\/\/www.brazilianpress.com\/v1\/wp-json\/wp\/v2\/comments?post=60173"}],"version-history":[{"count":1,"href":"https:\/\/www.brazilianpress.com\/v1\/wp-json\/wp\/v2\/posts\/60173\/revisions"}],"predecessor-version":[{"id":60175,"href":"https:\/\/www.brazilianpress.com\/v1\/wp-json\/wp\/v2\/posts\/60173\/revisions\/60175"}],"wp:featuredmedia":[{"embeddable":true,"href":"https:\/\/www.brazilianpress.com\/v1\/wp-json\/wp\/v2\/media\/60174"}],"wp:attachment":[{"href":"https:\/\/www.brazilianpress.com\/v1\/wp-json\/wp\/v2\/media?parent=60173"}],"wp:term":[{"taxonomy":"category","embeddable":true,"href":"https:\/\/www.brazilianpress.com\/v1\/wp-json\/wp\/v2\/categories?post=60173"},{"taxonomy":"post_tag","embeddable":true,"href":"https:\/\/www.brazilianpress.com\/v1\/wp-json\/wp\/v2\/tags?post=60173"}],"curies":[{"name":"wp","href":"https:\/\/api.w.org\/{rel}","templated":true}]}}