{"id":60231,"date":"2025-04-01T12:46:37","date_gmt":"2025-04-01T16:46:37","guid":{"rendered":"https:\/\/www.brazilianpress.com\/v1\/?p=60231"},"modified":"2025-04-01T12:46:37","modified_gmt":"2025-04-01T16:46:37","slug":"ice-admite-erro-administrativo-na-deportacao-de-homem-de-maryland-para-el-salvador","status":"publish","type":"post","link":"https:\/\/www.brazilianpress.com\/v1\/2025\/04\/01\/ice-admite-erro-administrativo-na-deportacao-de-homem-de-maryland-para-el-salvador\/","title":{"rendered":"ICE admite &#8216;erro administrativo&#8217; na deporta\u00e7\u00e3o de homem de Maryland para El Salvador"},"content":{"rendered":"<p><strong>O governo do presidente Donald Trump reconheceu ter deportado erroneamente um homem de Maryland com status legal protegido para uma pris\u00e3o not\u00f3ria em El Salvador, mas est\u00e1 argumentando contra seu retorno \u00e0 cust\u00f3dia federal nos Estados Unidos por causa de supostos la\u00e7os com gangues.<\/strong><\/p>\n<p>Autoridades do Servi\u00e7o de Imigra\u00e7\u00e3o e Alf\u00e2ndega dos EUA admitiram em um processo judicial na segunda-feira \u00e0 noite um &#8220;erro administrativo&#8221; na deporta\u00e7\u00e3o do homem de 29 anos, gerando alvoro\u00e7o imediato dos defensores da imigra\u00e7\u00e3o.\u00a0Kilmar Armando Abrego Garcia foi preso em 12 de mar\u00e7o ap\u00f3s cumprir um turno como aprendiz de funileiro em um canteiro de obras em Baltimore, de acordo com uma queixa apresentada em um tribunal federal por seus advogados.<\/p>\n<p>Abrego Garcia foi ent\u00e3o enviado para uma pris\u00e3o not\u00f3ria em seu pa\u00eds natal , o Centro de Confinamento do Terrorismo, ou CECOT, que os ativistas dizem ser repleto de abusos e onde os presos s\u00e3o amontoados em celas e nunca podem sair.\u00a0Ele foi colocado no CECOT apesar da decis\u00e3o de um juiz de imigra\u00e7\u00e3o em 2019 de que ele n\u00e3o seria deportado para El Salvador porque ele havia estabelecido que era &#8220;mais prov\u00e1vel que ele fosse perseguido por gangues&#8221;, de acordo com a queixa de seu advogado.<\/p>\n<p>Abrego Garcia \u201cdeixou El Salvador quando tinha cerca de dezesseis anos, fugindo da viol\u00eancia de gangues\u201d, de acordo com a den\u00fancia. \u201cCome\u00e7ando por volta de 2006, membros de gangues o perseguiram, bateram e amea\u00e7aram sequestr\u00e1-lo e mat\u00e1-lo para coagir seus pais a sucumbir \u00e0s suas crescentes demandas por extors\u00e3o.\u201d\u00a0\u201cEmbora ele tenha sido acusado de &#8216;afilia\u00e7\u00e3o geral a gangues&#8217;, o governo dos EUA nunca apresentou um pingo de evid\u00eancia para apoiar essa acusa\u00e7\u00e3o infundada\u201d, afirmou a den\u00fancia, acrescentando que Abrego Garcia n\u00e3o \u00e9 membro nem afiliado \u00e0 MS-13 ou a qualquer outra gangue criminosa ou de rua.<\/p>\n<p>Mais tarde, a esposa de Abrego Garcia o viu em fotos e v\u00eddeos na pris\u00e3o, identificando o marido por meio de suas tatuagens caracter\u00edsticas e duas cicatrizes na cabe\u00e7a, afirma a den\u00fancia.\u00a0O governo Trump disse em seu processo judicial que o ICE \u201cestava ciente de sua prote\u00e7\u00e3o contra remo\u00e7\u00e3o para El Salvador\u201d, mas ainda assim deportou Abrego Garcia \u201cpor causa de um erro administrativo\u201d.<\/p>\n<p>A administra\u00e7\u00e3o argumentou contra seu retorno aos EUA, citando supostos la\u00e7os com gangues e alegando que ele \u00e9 um perigo para a comunidade. A administra\u00e7\u00e3o declarou que seus la\u00e7os com gangues foram confirmados em um processo de fian\u00e7a de 2019 e mantidos pelo Board of Immigration Appeals.\u00a0\u201cIsso foi um descuido, e a remo\u00e7\u00e3o foi realizada de boa-f\u00e9 com base na exist\u00eancia de uma ordem final de remo\u00e7\u00e3o e na suposta filia\u00e7\u00e3o de Abrego-Garcia \u00e0 MS-13\u201d, escreveu Robert Cerna, diretor interino do escrit\u00f3rio de campo de opera\u00e7\u00f5es de execu\u00e7\u00e3o e remo\u00e7\u00e3o do ICE, em uma declara\u00e7\u00e3o ao tribunal.<\/p>\n","protected":false},"excerpt":{"rendered":"<p>O governo do presidente Donald Trump reconheceu ter deportado erroneamente um homem de Maryland com status legal protegido para uma pris\u00e3o not\u00f3ria em El Salvador, mas est\u00e1 argumentando contra seu retorno \u00e0 cust\u00f3dia federal nos Estados Unidos por causa de supostos la\u00e7os com gangues. Autoridades do Servi\u00e7o de Imigra\u00e7\u00e3o e Alf\u00e2ndega dos EUA admitiram em um processo judicial na segunda-feira \u00e0 noite um &#8220;erro administrativo&#8221; na deporta\u00e7\u00e3o do homem de 29 anos, gerando alvoro\u00e7o imediato dos defensores da imigra\u00e7\u00e3o.\u00a0Kilmar Armando Abrego Garcia foi preso em 12 de mar\u00e7o ap\u00f3s cumprir um turno como aprendiz de funileiro em um canteiro de [&hellip;]<\/p>\n","protected":false},"author":1,"featured_media":60232,"comment_status":"open","ping_status":"closed","sticky":false,"template":"","format":"standard","meta":{"_links_to":"","_links_to_target":""},"categories":[3,1,10],"tags":[],"views":1206,"_links":{"self":[{"href":"https:\/\/www.brazilianpress.com\/v1\/wp-json\/wp\/v2\/posts\/60231"}],"collection":[{"href":"https:\/\/www.brazilianpress.com\/v1\/wp-json\/wp\/v2\/posts"}],"about":[{"href":"https:\/\/www.brazilianpress.com\/v1\/wp-json\/wp\/v2\/types\/post"}],"author":[{"embeddable":true,"href":"https:\/\/www.brazilianpress.com\/v1\/wp-json\/wp\/v2\/users\/1"}],"replies":[{"embeddable":true,"href":"https:\/\/www.brazilianpress.com\/v1\/wp-json\/wp\/v2\/comments?post=60231"}],"version-history":[{"count":1,"href":"https:\/\/www.brazilianpress.com\/v1\/wp-json\/wp\/v2\/posts\/60231\/revisions"}],"predecessor-version":[{"id":60233,"href":"https:\/\/www.brazilianpress.com\/v1\/wp-json\/wp\/v2\/posts\/60231\/revisions\/60233"}],"wp:featuredmedia":[{"embeddable":true,"href":"https:\/\/www.brazilianpress.com\/v1\/wp-json\/wp\/v2\/media\/60232"}],"wp:attachment":[{"href":"https:\/\/www.brazilianpress.com\/v1\/wp-json\/wp\/v2\/media?parent=60231"}],"wp:term":[{"taxonomy":"category","embeddable":true,"href":"https:\/\/www.brazilianpress.com\/v1\/wp-json\/wp\/v2\/categories?post=60231"},{"taxonomy":"post_tag","embeddable":true,"href":"https:\/\/www.brazilianpress.com\/v1\/wp-json\/wp\/v2\/tags?post=60231"}],"curies":[{"name":"wp","href":"https:\/\/api.w.org\/{rel}","templated":true}]}}