{"id":60234,"date":"2025-04-01T20:51:47","date_gmt":"2025-04-02T00:51:47","guid":{"rendered":"https:\/\/www.brazilianpress.com\/v1\/?p=60234"},"modified":"2025-04-01T20:51:47","modified_gmt":"2025-04-02T00:51:47","slug":"prisao-de-4-trabalhadores-rurais-de-massachusetts-pela-ice-e-sem-mandado-judicial-acende-alerta-entre-fazendeiros","status":"publish","type":"post","link":"https:\/\/www.brazilianpress.com\/v1\/2025\/04\/01\/prisao-de-4-trabalhadores-rurais-de-massachusetts-pela-ice-e-sem-mandado-judicial-acende-alerta-entre-fazendeiros\/","title":{"rendered":"Pris\u00e3o de 4 trabalhadores rurais de Massachusetts, pela ICE e sem mandado judicial, acende alerta entre fazendeiros"},"content":{"rendered":"<p><strong>Quatro trabalhadores rurais vinculados \u00e0 Red Fire Farm foram presos em 20 de mar\u00e7o durante uma opera\u00e7\u00e3o do Servi\u00e7o de Imigra\u00e7\u00e3o e Alf\u00e2ndega (ICE) no oeste de Massachusetts. As deten\u00e7\u00f5es fazem parte de uma a\u00e7\u00e3o mais ampla no estado, que resultou na captura de quase 400 imigrantes em situa\u00e7\u00e3o irregular no pa\u00eds.<\/strong><\/p>\n<p>Segundo a imprensa local, os homens detidos n\u00e3o possu\u00edam condena\u00e7\u00f5es criminais anteriores, e seu advogado questiona a legalidade das pris\u00f5es. &#8220;Foi uma experi\u00eancia assustadora, e ningu\u00e9m quer que isso aconte\u00e7a com sua fam\u00edlia&#8221;, declarou um dos envolvidos. Dois trabalhadores foram abordados ao sa\u00edrem de casa para o trabalho, enquanto os outros dois foram retirados \u00e0 for\u00e7a de suas resid\u00eancias ap\u00f3s uma invas\u00e3o sem mandado, conforme relata uma campanha de\u00a0<em>crowdfunding<\/em>\u00a0criada para auxili\u00e1-los.<\/p>\n<p><img src=\"https:\/\/i.imgur.com\/Y2KOdTR.jpeg\" \/><\/p>\n<p><strong>Invas\u00e3o e Separa\u00e7\u00e3o de Fam\u00edlias<\/strong><\/p>\n<p>Testemunhas afirmam que agentes do Departamento de Investiga\u00e7\u00f5es de Seguran\u00e7a Interna arrombaram a porta da frente da casa dos trabalhadores, algemaram familiares e amea\u00e7aram det\u00ea-los tamb\u00e9m. Dois homens, pais de crian\u00e7as pequenas, foram levados sob cust\u00f3dia. &#8220;Eles n\u00e3o s\u00e3o membros de gangues, n\u00e3o s\u00e3o terroristas&#8221;, destacou o advogado de imigra\u00e7\u00e3o Matt Cameron, que representa os detidos.<\/p>\n<p>Cameron ressaltou que, sem um mandado judicial, a entrada na resid\u00eancia e as pris\u00f5es seriam ilegais. &#8220;Isso \u00e9 t\u00edpico da atua\u00e7\u00e3o do ICE atualmente&#8221;, criticou. Ele tamb\u00e9m enfatizou que, sem antecedentes criminais, n\u00e3o h\u00e1 justificativa para manter os homens detidos, destacando o dano causado \u00e0s suas fam\u00edlias e sustento.<\/p>\n<p><img src=\"https:\/\/i.imgur.com\/vrbHzac.jpeg\" \/><\/p>\n<p><strong>Impacto na Agricultura Local<\/strong><\/p>\n<p>Claire Morenon, da Comunidade Envolvida na Sustenta\u00e7\u00e3o da Agricultura (CISA), alertou para os efeitos das opera\u00e7\u00f5es do ICE no setor agr\u00edcola da regi\u00e3o. &#8220;Trabalhadores rurais, documentados ou n\u00e3o, est\u00e3o com medo de ir ao trabalho&#8221;, explicou. Com o in\u00edcio da temporada de plantio, as consequ\u00eancias para a economia alimentar ainda s\u00e3o incertas, mas potencialmente devastadoras. &#8220;Ainda n\u00e3o sabemos como isso afetar\u00e1 a produ\u00e7\u00e3o e os pre\u00e7os dos alimentos&#8221;, completou.<\/p>\n<p>O\u00a0<em>Western Mass News<\/em>\u00a0solicitou um posicionamento do ICE, mas n\u00e3o obteve resposta at\u00e9 a publica\u00e7\u00e3o desta mat\u00e9ria. Enquanto isso, a comunidade local mobiliza-se em apoio aos trabalhadores, pressionando por transpar\u00eancia e respeito aos direitos humanos.<\/p>\n","protected":false},"excerpt":{"rendered":"<p>Quatro trabalhadores rurais vinculados \u00e0 Red Fire Farm foram presos em 20 de mar\u00e7o durante uma opera\u00e7\u00e3o do Servi\u00e7o de Imigra\u00e7\u00e3o e Alf\u00e2ndega (ICE) no oeste de Massachusetts. As deten\u00e7\u00f5es fazem parte de uma a\u00e7\u00e3o mais ampla no estado, que resultou na captura de quase 400 imigrantes em situa\u00e7\u00e3o irregular no pa\u00eds. Segundo a imprensa local, os homens detidos n\u00e3o possu\u00edam condena\u00e7\u00f5es criminais anteriores, e seu advogado questiona a legalidade das pris\u00f5es. &#8220;Foi uma experi\u00eancia assustadora, e ningu\u00e9m quer que isso aconte\u00e7a com sua fam\u00edlia&#8221;, declarou um dos envolvidos. Dois trabalhadores foram abordados ao sa\u00edrem de casa para o trabalho, [&hellip;]<\/p>\n","protected":false},"author":1,"featured_media":60235,"comment_status":"open","ping_status":"closed","sticky":false,"template":"","format":"standard","meta":{"_links_to":"","_links_to_target":""},"categories":[4,3,1],"tags":[],"views":1513,"_links":{"self":[{"href":"https:\/\/www.brazilianpress.com\/v1\/wp-json\/wp\/v2\/posts\/60234"}],"collection":[{"href":"https:\/\/www.brazilianpress.com\/v1\/wp-json\/wp\/v2\/posts"}],"about":[{"href":"https:\/\/www.brazilianpress.com\/v1\/wp-json\/wp\/v2\/types\/post"}],"author":[{"embeddable":true,"href":"https:\/\/www.brazilianpress.com\/v1\/wp-json\/wp\/v2\/users\/1"}],"replies":[{"embeddable":true,"href":"https:\/\/www.brazilianpress.com\/v1\/wp-json\/wp\/v2\/comments?post=60234"}],"version-history":[{"count":1,"href":"https:\/\/www.brazilianpress.com\/v1\/wp-json\/wp\/v2\/posts\/60234\/revisions"}],"predecessor-version":[{"id":60236,"href":"https:\/\/www.brazilianpress.com\/v1\/wp-json\/wp\/v2\/posts\/60234\/revisions\/60236"}],"wp:featuredmedia":[{"embeddable":true,"href":"https:\/\/www.brazilianpress.com\/v1\/wp-json\/wp\/v2\/media\/60235"}],"wp:attachment":[{"href":"https:\/\/www.brazilianpress.com\/v1\/wp-json\/wp\/v2\/media?parent=60234"}],"wp:term":[{"taxonomy":"category","embeddable":true,"href":"https:\/\/www.brazilianpress.com\/v1\/wp-json\/wp\/v2\/categories?post=60234"},{"taxonomy":"post_tag","embeddable":true,"href":"https:\/\/www.brazilianpress.com\/v1\/wp-json\/wp\/v2\/tags?post=60234"}],"curies":[{"name":"wp","href":"https:\/\/api.w.org\/{rel}","templated":true}]}}