{"id":60304,"date":"2025-04-10T11:50:35","date_gmt":"2025-04-10T15:50:35","guid":{"rendered":"https:\/\/www.brazilianpress.com\/v1\/?p=60304"},"modified":"2025-04-10T11:50:35","modified_gmt":"2025-04-10T15:50:35","slug":"relacionado-no-cruzeiro-murilo-rhikman-teve-renovacao-antecipada-a-pedido-de-jardim-conheca","status":"publish","type":"post","link":"https:\/\/www.brazilianpress.com\/v1\/2025\/04\/10\/relacionado-no-cruzeiro-murilo-rhikman-teve-renovacao-antecipada-a-pedido-de-jardim-conheca\/","title":{"rendered":"Relacionado no Cruzeiro, Murilo Rhikman teve renova\u00e7\u00e3o &#8220;antecipada&#8221; a pedido de Jardim; conhe\u00e7a"},"content":{"rendered":"<p><strong>Nascido em 2006, Murilo Rhikman foi a grande novidade de Leonardo Jardim entre os relacionados do\u00a0Cruzeiro\u00a0para o duelo com o Internacional, nesse domingo, pelo Brasileir\u00e3o. Volante que teve renova\u00e7\u00e3o contratual recente, de forma \u201cantecipada\u201d e com aval do comandante portugu\u00eas.<\/strong><\/p>\n<p>Murilo est\u00e1 no Cruzeiro desde os 15 anos e passou a integrar o sub-20 no ano passado. Alternou titularidade com a reserva, mas, neste ano, \u00e9 pe\u00e7a absoluta entre os 11 escolhidos pelo t\u00e9cnico Luciano Dias, atuando na fun\u00e7\u00e3o de primeiro volante.<\/p>\n<p>O jogador assinou o primeiro contrato profissional na Toca da Raposa, aos 17 anos, no dia 31 de mar\u00e7o de 2023. Pela Lei, o v\u00ednculo \u00e9 de tr\u00eas anos, e o Cruzeiro teria a prioridade na renova\u00e7\u00e3o, v\u00e1lida por dois anos.<\/p>\n<p>Portanto, o primeiro contrato de Murilo com o Cruzeiro ia at\u00e9 o fim de mar\u00e7o de 2026, mas a diretoria se antecipou e, um pouco mais de um ano antes do fim, prorrogou o v\u00ednculo por dois anos, v\u00e1lido at\u00e9 2028.<\/p>\n<p>Al\u00e9m do v\u00ednculo, que agora \u00e9 de tr\u00eas anos, o contrato conta com possibilidade de prorroga\u00e7\u00e3o at\u00e9 2029, por meio de gatilhos relacionados \u00e0 performance do jogador. Al\u00e9m do Brasileir\u00e3o, ele tamb\u00e9m est\u00e1 inscrito na Conmebol Sul-Americana.<\/p>\n<p>Segundo apurou o\u00a0ge, a renova\u00e7\u00e3o com Murilo j\u00e1 estava no radar da diretoria do Cruzeiro,\u00a0mas tamb\u00e9m aconteceu a pedido de Leonardo Jardim, que\u00a0gosta do que tem visto do jogador nos treinamentos e jogos do Sub-20. O portugu\u00eas acompanhou, presencialmente, os duelos com Fortaleza e Am\u00e9rica-MG, pelo Brasileir\u00e3o da categoria.<\/p>\n<p>As caracter\u00edsticas do jogador, que tem boa estatura e sa\u00edda de bola, agradam ao t\u00e9cnico Leonardo Jardim. Al\u00e9m disso, Murilo pode atuar um pouco mais avan\u00e7ado, e n\u00e3o somente como primeiro jogador de meio-campo.<\/p>\n<p>Apesar de ter sido levado para o duelo com o Internacional, a tend\u00eancia \u00e9 de que Murilo siga o planejamento do Cruzeiro em rela\u00e7\u00e3o aos jogadores da base e mantenha a participa\u00e7\u00e3o em treinos e jogos do sub-20, alternando, eventualmente, com presen\u00e7a no time principal.<\/p>\n","protected":false},"excerpt":{"rendered":"<p>Nascido em 2006, Murilo Rhikman foi a grande novidade de Leonardo Jardim entre os relacionados do\u00a0Cruzeiro\u00a0para o duelo com o Internacional, nesse domingo, pelo Brasileir\u00e3o. Volante que teve renova\u00e7\u00e3o contratual recente, de forma \u201cantecipada\u201d e com aval do comandante portugu\u00eas. Murilo est\u00e1 no Cruzeiro desde os 15 anos e passou a integrar o sub-20 no ano passado. Alternou titularidade com a reserva, mas, neste ano, \u00e9 pe\u00e7a absoluta entre os 11 escolhidos pelo t\u00e9cnico Luciano Dias, atuando na fun\u00e7\u00e3o de primeiro volante. O jogador assinou o primeiro contrato profissional na Toca da Raposa, aos 17 anos, no dia 31 de [&hellip;]<\/p>\n","protected":false},"author":1,"featured_media":60305,"comment_status":"open","ping_status":"closed","sticky":false,"template":"","format":"standard","meta":{"_links_to":"","_links_to_target":""},"categories":[9,1],"tags":[],"views":1219,"_links":{"self":[{"href":"https:\/\/www.brazilianpress.com\/v1\/wp-json\/wp\/v2\/posts\/60304"}],"collection":[{"href":"https:\/\/www.brazilianpress.com\/v1\/wp-json\/wp\/v2\/posts"}],"about":[{"href":"https:\/\/www.brazilianpress.com\/v1\/wp-json\/wp\/v2\/types\/post"}],"author":[{"embeddable":true,"href":"https:\/\/www.brazilianpress.com\/v1\/wp-json\/wp\/v2\/users\/1"}],"replies":[{"embeddable":true,"href":"https:\/\/www.brazilianpress.com\/v1\/wp-json\/wp\/v2\/comments?post=60304"}],"version-history":[{"count":1,"href":"https:\/\/www.brazilianpress.com\/v1\/wp-json\/wp\/v2\/posts\/60304\/revisions"}],"predecessor-version":[{"id":60306,"href":"https:\/\/www.brazilianpress.com\/v1\/wp-json\/wp\/v2\/posts\/60304\/revisions\/60306"}],"wp:featuredmedia":[{"embeddable":true,"href":"https:\/\/www.brazilianpress.com\/v1\/wp-json\/wp\/v2\/media\/60305"}],"wp:attachment":[{"href":"https:\/\/www.brazilianpress.com\/v1\/wp-json\/wp\/v2\/media?parent=60304"}],"wp:term":[{"taxonomy":"category","embeddable":true,"href":"https:\/\/www.brazilianpress.com\/v1\/wp-json\/wp\/v2\/categories?post=60304"},{"taxonomy":"post_tag","embeddable":true,"href":"https:\/\/www.brazilianpress.com\/v1\/wp-json\/wp\/v2\/tags?post=60304"}],"curies":[{"name":"wp","href":"https:\/\/api.w.org\/{rel}","templated":true}]}}