{"id":60307,"date":"2025-04-10T11:52:04","date_gmt":"2025-04-10T15:52:04","guid":{"rendered":"https:\/\/www.brazilianpress.com\/v1\/?p=60307"},"modified":"2025-04-10T11:52:04","modified_gmt":"2025-04-10T15:52:04","slug":"atletico-mg-tem-recurso-negado-no-cas-e-mandara-jogos-pela-sul-americana-sem-torcida","status":"publish","type":"post","link":"https:\/\/www.brazilianpress.com\/v1\/2025\/04\/10\/atletico-mg-tem-recurso-negado-no-cas-e-mandara-jogos-pela-sul-americana-sem-torcida\/","title":{"rendered":"Atl\u00e9tico-MG tem recurso negado no CAS e mandar\u00e1 jogos pela Sul-Americana sem torcida"},"content":{"rendered":"<p><strong>O\u00a0Atl\u00e9tico-MG\u00a0n\u00e3o conseguiu reverter a puni\u00e7\u00e3o imposta pela Conmebol e precisar\u00e1 mandar os pr\u00f3ximos dois jogos em casa, pela Sul-Americana, com os port\u00f5es fechados. O primeiro duelo ocorre nesta quinta-feira, diante do Iquique, do Chile, \u00e0s 21h30, no Mineir\u00e3o.<\/strong><\/p>\n<p>Antes da competi\u00e7\u00e3o iniciar, o departamento jur\u00eddico atleticano recorreu da decis\u00e3o e tentou um efeito suspensivo at\u00e9 o julgamento. No entanto, o CAS &#8211; Tribunal Arbitral do Esporte, na Su\u00ed\u00e7a, indeferiu o pedido.<\/p>\n<p>O Atl\u00e9tico foi punido no ano passado, quando disputava a Conmebol Libertadores. Durante a semifinal da competi\u00e7\u00e3o, diante do River Plate, torcedores utilizaram sinalizadores nas arquibancadas. Como o clube era rescindente, foi penalizado com dois jogos de suspens\u00e3o.<\/p>\n<p>O Atl\u00e9tico \u00e9 o segundo colocado do Grupo H da Sul-Americana. Na estreia, o time empatou sem gols com o Cienciano, do Peru, fora de casa.<\/p>\n<p>Somente o l\u00edder do grupo avan\u00e7a \u00e0s oitavas de final de forma direta. O segundo colocado precisar\u00e1 jogar a repescagem para seguir com o sonho do t\u00edtulo.<\/p>\n","protected":false},"excerpt":{"rendered":"<p>O\u00a0Atl\u00e9tico-MG\u00a0n\u00e3o conseguiu reverter a puni\u00e7\u00e3o imposta pela Conmebol e precisar\u00e1 mandar os pr\u00f3ximos dois jogos em casa, pela Sul-Americana, com os port\u00f5es fechados. O primeiro duelo ocorre nesta quinta-feira, diante do Iquique, do Chile, \u00e0s 21h30, no Mineir\u00e3o. Antes da competi\u00e7\u00e3o iniciar, o departamento jur\u00eddico atleticano recorreu da decis\u00e3o e tentou um efeito suspensivo at\u00e9 o julgamento. No entanto, o CAS &#8211; Tribunal Arbitral do Esporte, na Su\u00ed\u00e7a, indeferiu o pedido. O Atl\u00e9tico foi punido no ano passado, quando disputava a Conmebol Libertadores. Durante a semifinal da competi\u00e7\u00e3o, diante do River Plate, torcedores utilizaram sinalizadores nas arquibancadas. Como o clube [&hellip;]<\/p>\n","protected":false},"author":1,"featured_media":60308,"comment_status":"open","ping_status":"closed","sticky":false,"template":"","format":"standard","meta":{"_links_to":"","_links_to_target":""},"categories":[9,1],"tags":[],"views":1295,"_links":{"self":[{"href":"https:\/\/www.brazilianpress.com\/v1\/wp-json\/wp\/v2\/posts\/60307"}],"collection":[{"href":"https:\/\/www.brazilianpress.com\/v1\/wp-json\/wp\/v2\/posts"}],"about":[{"href":"https:\/\/www.brazilianpress.com\/v1\/wp-json\/wp\/v2\/types\/post"}],"author":[{"embeddable":true,"href":"https:\/\/www.brazilianpress.com\/v1\/wp-json\/wp\/v2\/users\/1"}],"replies":[{"embeddable":true,"href":"https:\/\/www.brazilianpress.com\/v1\/wp-json\/wp\/v2\/comments?post=60307"}],"version-history":[{"count":1,"href":"https:\/\/www.brazilianpress.com\/v1\/wp-json\/wp\/v2\/posts\/60307\/revisions"}],"predecessor-version":[{"id":60309,"href":"https:\/\/www.brazilianpress.com\/v1\/wp-json\/wp\/v2\/posts\/60307\/revisions\/60309"}],"wp:featuredmedia":[{"embeddable":true,"href":"https:\/\/www.brazilianpress.com\/v1\/wp-json\/wp\/v2\/media\/60308"}],"wp:attachment":[{"href":"https:\/\/www.brazilianpress.com\/v1\/wp-json\/wp\/v2\/media?parent=60307"}],"wp:term":[{"taxonomy":"category","embeddable":true,"href":"https:\/\/www.brazilianpress.com\/v1\/wp-json\/wp\/v2\/categories?post=60307"},{"taxonomy":"post_tag","embeddable":true,"href":"https:\/\/www.brazilianpress.com\/v1\/wp-json\/wp\/v2\/tags?post=60307"}],"curies":[{"name":"wp","href":"https:\/\/api.w.org\/{rel}","templated":true}]}}