{"id":60312,"date":"2025-04-10T11:57:59","date_gmt":"2025-04-10T15:57:59","guid":{"rendered":"https:\/\/www.brazilianpress.com\/v1\/?p=60312"},"modified":"2025-04-10T11:57:59","modified_gmt":"2025-04-10T15:57:59","slug":"apos-tarifaco-de-trump-brasil-deixara-de-exportar-milhoes-de-litros-de-suco-de-laranja-e-toneladas-de-carne-para-os-eua","status":"publish","type":"post","link":"https:\/\/www.brazilianpress.com\/v1\/2025\/04\/10\/apos-tarifaco-de-trump-brasil-deixara-de-exportar-milhoes-de-litros-de-suco-de-laranja-e-toneladas-de-carne-para-os-eua\/","title":{"rendered":"Ap\u00f3s tarifa\u00e7o de Trump, Brasil deixar\u00e1 de exportar milh\u00f5es de litros de suco de laranja e toneladas de carne para os EUA"},"content":{"rendered":"<p><strong>O Brasil pode deixar de exportar 743 milh\u00f5es de litros de suco de laranja e cerca de 17 toneladas de carne bovina para os Estados Unidos, ap\u00f3s o tarifa\u00e7o anunciado por Donald Trump nesta semana. O alerta foi feito pela Confedera\u00e7\u00e3o da Agricultura e Pecu\u00e1ria do Brasil (CNA), em nota que a entidade pede que o Brasil adote \u2018vias diplom\u00e1ticas\u2019 para negociar com a Casa Branca.<\/strong><\/p>\n<p>De acordo com a CNA, o protecionismo de Trump vai afetar n\u00e3o s\u00f3 o Brasil, mas grandes pa\u00edses produtores de produtos agropecu\u00e1rios. A Confedera\u00e7\u00e3o alertou, ainda, que novas taxas poder\u00e3o ser impostas por Washington. &#8220;Caso o governo dos EUA considere que as medidas anunciadas n\u00e3o sejam eficazes na resolu\u00e7\u00e3o do d\u00e9ficit comercial geral&#8221;, disse a entidade.<\/p>\n<p>Com a al\u00edquota geral de 10% sobre os produtos brasileiros, o principal prejudicado ser\u00e1 o suco de laranja. O produto j\u00e1 tinha uma taxa de 5,9% e, agora, com a sobretaxa, ser\u00e1 submetido a 15,9%. At\u00e9 2023, o Brasil exportava cerca de 1 bilh\u00e3o de litros aos Estados Unidos, mas ap\u00f3s o tarifa\u00e7o o volume deve cair a 261 milh\u00f5es de litros.<\/p>\n<p>No caso da carne bovina, que j\u00e1 tinha uma cobran\u00e7a de um imposto de 33%, agora ter\u00e1 um tributo de 43%. O volume de exporta\u00e7\u00e3o deve cair de 73 mil toneladas a 45 mil toneladas. Outros produtos brasileiros que ser\u00e3o impactados s\u00e3o a cana-de-a\u00e7\u00facar, \u00e1lcool, arroz e feij\u00e3o.<\/p>\n<p>\u201cCabe ao governo brasileiro seguir explorando a via negociadora com os EUA para buscar mitigar as tarifas anunciadas e alcan\u00e7ar benef\u00edcios m\u00fatuos para ambas as na\u00e7\u00f5es\u201d, pediu a CNA. A Confedera\u00e7\u00e3o recha\u00e7ou a retalia\u00e7\u00e3o neste momento. O Congresso aprovou o PL 2088\/2023, que estabelece a Lei da Reciprocidade, e o texto seguiu para a san\u00e7\u00e3o do presidente Luiz In\u00e1cio Lula da Silva (PT).<\/p>\n<p>\u201cDeve ser utilizado apenas ap\u00f3s o esgotamento dos canais diplom\u00e1ticos, para defender os interesses brasileiros. A Confedera\u00e7\u00e3o da Agricultura e Pecu\u00e1ria (CNA) defende o livre com\u00e9rcio por meio de acordos que diversifiquem mercados, aumentem a renda dos produtores e ampliem o acesso de produtos agropecu\u00e1rios ao consumidor\u201d, finalizou a entidade.<\/p>\n<p>A CNA informou que os produtos brasileiros exportados aos Estados Unidos somam US$ 12,1 bilh\u00f5es, conforme balan\u00e7o de 2024. No ano passado, os produtos do agroneg\u00f3cio tiveram os Estados Unidos como o terceiro destino principal, ficando atr\u00e1s apenas de Uni\u00e3o Europeia e China.<\/p>\n<p>&#8220;Ao longo dos \u00faltimos dez anos, a participa\u00e7\u00e3o dos EUA na pauta exportadora do agroneg\u00f3cio brasileiro sempre figurou entre 6% e 7,5%&#8221;, cravou a CNA. Os produtos brasileiros que lideram as exporta\u00e7\u00f5es ao territ\u00f3rio norte-americano s\u00e3o:<\/p>\n<ul>\n<li>Caf\u00e9 verde<\/li>\n<li>Celulose<\/li>\n<li>Sucos de laranja<\/li>\n<li>Carne bovina in natura<\/li>\n<li>Madeira Perfilada<\/li>\n<li>A\u00e7\u00facar de cana em bruto<\/li>\n<li>Obras de marcenaria ou carpintaria<\/li>\n<li>Carne bovina industrializada<\/li>\n<li>Madeira compensada ou contra placada<\/li>\n<li>Sebo Bovino<\/li>\n<\/ul>\n","protected":false},"excerpt":{"rendered":"<p>O Brasil pode deixar de exportar 743 milh\u00f5es de litros de suco de laranja e cerca de 17 toneladas de carne bovina para os Estados Unidos, ap\u00f3s o tarifa\u00e7o anunciado por Donald Trump nesta semana. O alerta foi feito pela Confedera\u00e7\u00e3o da Agricultura e Pecu\u00e1ria do Brasil (CNA), em nota que a entidade pede que o Brasil adote \u2018vias diplom\u00e1ticas\u2019 para negociar com a Casa Branca. De acordo com a CNA, o protecionismo de Trump vai afetar n\u00e3o s\u00f3 o Brasil, mas grandes pa\u00edses produtores de produtos agropecu\u00e1rios. A Confedera\u00e7\u00e3o alertou, ainda, que novas taxas poder\u00e3o ser impostas por Washington. [&hellip;]<\/p>\n","protected":false},"author":1,"featured_media":60313,"comment_status":"open","ping_status":"closed","sticky":false,"template":"","format":"standard","meta":{"_links_to":"","_links_to_target":""},"categories":[7,1],"tags":[],"views":1337,"_links":{"self":[{"href":"https:\/\/www.brazilianpress.com\/v1\/wp-json\/wp\/v2\/posts\/60312"}],"collection":[{"href":"https:\/\/www.brazilianpress.com\/v1\/wp-json\/wp\/v2\/posts"}],"about":[{"href":"https:\/\/www.brazilianpress.com\/v1\/wp-json\/wp\/v2\/types\/post"}],"author":[{"embeddable":true,"href":"https:\/\/www.brazilianpress.com\/v1\/wp-json\/wp\/v2\/users\/1"}],"replies":[{"embeddable":true,"href":"https:\/\/www.brazilianpress.com\/v1\/wp-json\/wp\/v2\/comments?post=60312"}],"version-history":[{"count":1,"href":"https:\/\/www.brazilianpress.com\/v1\/wp-json\/wp\/v2\/posts\/60312\/revisions"}],"predecessor-version":[{"id":60314,"href":"https:\/\/www.brazilianpress.com\/v1\/wp-json\/wp\/v2\/posts\/60312\/revisions\/60314"}],"wp:featuredmedia":[{"embeddable":true,"href":"https:\/\/www.brazilianpress.com\/v1\/wp-json\/wp\/v2\/media\/60313"}],"wp:attachment":[{"href":"https:\/\/www.brazilianpress.com\/v1\/wp-json\/wp\/v2\/media?parent=60312"}],"wp:term":[{"taxonomy":"category","embeddable":true,"href":"https:\/\/www.brazilianpress.com\/v1\/wp-json\/wp\/v2\/categories?post=60312"},{"taxonomy":"post_tag","embeddable":true,"href":"https:\/\/www.brazilianpress.com\/v1\/wp-json\/wp\/v2\/tags?post=60312"}],"curies":[{"name":"wp","href":"https:\/\/api.w.org\/{rel}","templated":true}]}}