{"id":60378,"date":"2025-04-21T11:48:42","date_gmt":"2025-04-21T15:48:42","guid":{"rendered":"https:\/\/www.brazilianpress.com\/v1\/?p=60378"},"modified":"2025-04-21T11:48:51","modified_gmt":"2025-04-21T15:48:51","slug":"luto-na-igreja-catolica-mundial-faleceu-aos-88-anos-o-papa-francisco","status":"publish","type":"post","link":"https:\/\/www.brazilianpress.com\/v1\/2025\/04\/21\/luto-na-igreja-catolica-mundial-faleceu-aos-88-anos-o-papa-francisco\/","title":{"rendered":"Luto na Igreja Cat\u00f3lica mundial: Faleceu aos 88 anos o Papa Francisco"},"content":{"rendered":"<p class=\"ds-markdown-paragraph\"><strong>\u00a0O Papa Francisco, l\u00edder da Igreja Cat\u00f3lica e uma das figuras mais influentes do s\u00e9culo XXI, faleceu nesta segunda-feira aos 88 anos. O an\u00fancio foi feito pelo Vaticano, que confirmou que o pont\u00edfice morreu em sua resid\u00eancia, a Casa Santa Marta, ap\u00f3s uma prolongada batalha contra problemas de sa\u00fade.<\/strong><\/p>\n<p class=\"ds-markdown-paragraph\">Nascido Jorge Mario Bergoglio em Buenos Aires, Argentina, em 17 de dezembro de 1936, Francisco foi o primeiro papa jesu\u00edta e o primeiro origin\u00e1rio das Am\u00e9ricas. Eleito em 2013, ap\u00f3s a ren\u00fancia do Papa Bento XVI, seu pontificado foi marcado por gestos de simplicidade, uma abordagem pastoral voltada para os marginalizados e esfor\u00e7os para modernizar a estrutura da Igreja.<\/p>\n<p><img src=\"https:\/\/ichef.bbci.co.uk\/ace\/ws\/640\/cpsprodpb\/2c2b\/live\/6b16ecb0-1e8a-11f0-91c2-a77218b5dd61.jpg.webp\" alt=\"Morre Papa Francisco: do luto ao conclave, o que acontece agora - BBC News Brasil\" \/><\/p>\n<p class=\"ds-markdown-paragraph\"><strong>Um legado de reformas e compaix\u00e3o<\/strong><br \/>\nFrancisco tornou-se conhecido por seu estilo acess\u00edvel, rejeitando formalidades excessivas e priorizando o di\u00e1logo com fi\u00e9is e n\u00e3o fi\u00e9is. Seu papado foi definido por uma \u00eanfase na miseric\u00f3rdia divina, na prote\u00e7\u00e3o ao meio ambiente \u2014 como expresso na enc\u00edclica\u00a0<em>Laudato Si&#8217;<\/em>\u00a0\u2014 e na defesa dos pobres e refugiados.<\/p>\n<p class=\"ds-markdown-paragraph\">Apesar de enfrentar resist\u00eancia dentro de setores conservadores da C\u00faria Romana, ele promoveu mudan\u00e7as significativas, como a maior participa\u00e7\u00e3o de leigos na vida eclesi\u00e1stica e medidas para combater abusos sexuais no clero. Sua exorta\u00e7\u00e3o apost\u00f3lica\u00a0<em>Amoris Laetitia<\/em>, que abordou quest\u00f5es familiares, gerou debates sobre a inclus\u00e3o de divorciados e recasados.<\/p>\n<p class=\"ds-markdown-paragraph\"><strong>Rea\u00e7\u00f5es globais<\/strong><br \/>\nL\u00edderes mundiais e personalidades religiosas expressaram suas condol\u00eancias. O presidente dos Estados Unidos destacou sua &#8220;luta incans\u00e1vel pela justi\u00e7a social&#8221;, enquanto o presidente do Brasil classificou-o como &#8220;um farol de esperan\u00e7a em tempos sombrios&#8221;. O Dalai-Lama e o Patriarca Ortodoxo Bartolomeu I tamb\u00e9m prestaram homenagens, lembrando seus esfor\u00e7os ecum\u00eanicos.<\/p>\n<p class=\"ds-markdown-paragraph\"><strong>O que vem a seguir?<\/strong><br \/>\nCom a morte do Papa Francisco, inicia-se o per\u00edodo de\u00a0<em>Sede Vacante<\/em>. O Col\u00e9gio de Cardeais se reunir\u00e1 em Conclave para eleger um novo pont\u00edfice, em um processo que deve atrair aten\u00e7\u00e3o global. Enquanto isso, o mundo cat\u00f3lico se prepara para um funeral que promete reunir milh\u00f5es em Roma, em uma \u00faltima despedida ao homem que insistiu em dizer:\u00a0<em>&#8220;Quem sou eu para julgar?&#8221;<\/em><\/p>\n","protected":false},"excerpt":{"rendered":"<p>\u00a0O Papa Francisco, l\u00edder da Igreja Cat\u00f3lica e uma das figuras mais influentes do s\u00e9culo XXI, faleceu nesta segunda-feira aos 88 anos. O an\u00fancio foi feito pelo Vaticano, que confirmou que o pont\u00edfice morreu em sua resid\u00eancia, a Casa Santa Marta, ap\u00f3s uma prolongada batalha contra problemas de sa\u00fade. Nascido Jorge Mario Bergoglio em Buenos Aires, Argentina, em 17 de dezembro de 1936, Francisco foi o primeiro papa jesu\u00edta e o primeiro origin\u00e1rio das Am\u00e9ricas. Eleito em 2013, ap\u00f3s a ren\u00fancia do Papa Bento XVI, seu pontificado foi marcado por gestos de simplicidade, uma abordagem pastoral voltada para os marginalizados [&hellip;]<\/p>\n","protected":false},"author":1,"featured_media":60379,"comment_status":"open","ping_status":"closed","sticky":false,"template":"","format":"standard","meta":{"_links_to":"","_links_to_target":""},"categories":[3,8,1],"tags":[],"views":1003,"_links":{"self":[{"href":"https:\/\/www.brazilianpress.com\/v1\/wp-json\/wp\/v2\/posts\/60378"}],"collection":[{"href":"https:\/\/www.brazilianpress.com\/v1\/wp-json\/wp\/v2\/posts"}],"about":[{"href":"https:\/\/www.brazilianpress.com\/v1\/wp-json\/wp\/v2\/types\/post"}],"author":[{"embeddable":true,"href":"https:\/\/www.brazilianpress.com\/v1\/wp-json\/wp\/v2\/users\/1"}],"replies":[{"embeddable":true,"href":"https:\/\/www.brazilianpress.com\/v1\/wp-json\/wp\/v2\/comments?post=60378"}],"version-history":[{"count":2,"href":"https:\/\/www.brazilianpress.com\/v1\/wp-json\/wp\/v2\/posts\/60378\/revisions"}],"predecessor-version":[{"id":60381,"href":"https:\/\/www.brazilianpress.com\/v1\/wp-json\/wp\/v2\/posts\/60378\/revisions\/60381"}],"wp:featuredmedia":[{"embeddable":true,"href":"https:\/\/www.brazilianpress.com\/v1\/wp-json\/wp\/v2\/media\/60379"}],"wp:attachment":[{"href":"https:\/\/www.brazilianpress.com\/v1\/wp-json\/wp\/v2\/media?parent=60378"}],"wp:term":[{"taxonomy":"category","embeddable":true,"href":"https:\/\/www.brazilianpress.com\/v1\/wp-json\/wp\/v2\/categories?post=60378"},{"taxonomy":"post_tag","embeddable":true,"href":"https:\/\/www.brazilianpress.com\/v1\/wp-json\/wp\/v2\/tags?post=60378"}],"curies":[{"name":"wp","href":"https:\/\/api.w.org\/{rel}","templated":true}]}}