{"id":60407,"date":"2025-04-24T13:10:59","date_gmt":"2025-04-24T17:10:59","guid":{"rendered":"https:\/\/www.brazilianpress.com\/v1\/?p=60407"},"modified":"2025-04-24T13:10:59","modified_gmt":"2025-04-24T17:10:59","slug":"atencao-agentes-da-ice-a-paisana-prendem-homem-dentro-de-tribunal-mesmo-juiz-mandando-solta-lo","status":"publish","type":"post","link":"https:\/\/www.brazilianpress.com\/v1\/2025\/04\/24\/atencao-agentes-da-ice-a-paisana-prendem-homem-dentro-de-tribunal-mesmo-juiz-mandando-solta-lo\/","title":{"rendered":"Aten\u00e7\u00e3o: Agentes da ICE \u00e0 paisana prendem homem dentro de tribunal, mesmo juiz mandando solt\u00e1-lo"},"content":{"rendered":"<p><strong>Na manh\u00e3 de ter\u00e7a-feira, dois homens foram detidos por agentes \u00e0 paisana do Servi\u00e7o de Imigra\u00e7\u00e3o e Alf\u00e2ndega dos EUA no Tribunal do Condado de Albemarle, causando confus\u00e3o e dando in\u00edcio a um protesto na quarta-feira. Havia pelo menos tr\u00eas funcion\u00e1rios no tribunal distrital geral que n\u00e3o se identificaram completamente, de acordo com Nicholas Reppucci, que trabalha na Defensoria P\u00fablica do Condado de Albemarle. O escrit\u00f3rio representava Teodoro Dominguez Rodriguez, um dos homens que foi detido posteriormente.<\/strong><\/p>\n<p>Reppucci esteve no pr\u00e9dio apenas brevemente, pois diferentes membros de seu gabinete compareceram ao tribunal para o julgamento. &#8220;Nenhum de n\u00f3s viu qualquer identifica\u00e7\u00e3o, qualquer distintivo, e ningu\u00e9m disse ter um mandado, mostrou um mandado ou se identificou como policial. E um deles, como visto no v\u00eddeo, est\u00e1 claramente escondendo sua identidade&#8221;, disse Reppucci na manh\u00e3 de quarta-feira.<\/p>\n<p><img src=\"https:\/\/bloximages.newyork1.vip.townnews.com\/dailyprogress.com\/content\/tncms\/assets\/v3\/editorial\/f\/26\/f26d8c1b-654d-4ed1-ac08-0ae16828e656\/6809786f6d576.image.jpg?resize=1200%2C675\" \/><\/p>\n<p>Em um comunicado \u00e0 imprensa na noite de quarta-feira, o xerife do Condado de Albemarle, Chan Bryant, disse: &#8220;agentes federais se identificaram com seus distintivos e credenciais federais com o oficial de justi\u00e7a antes de passarem pela \u00e1rea de triagem. &#8230; Os agentes federais mostraram ao oficial de justi\u00e7a seus documentos e fotos dos indiv\u00edduos que estavam procurando e esperaram do lado de fora do tribunal at\u00e9 a conclus\u00e3o de cada caso.&#8221;<\/p>\n<p>O gabinete do xerife tem jurisdi\u00e7\u00e3o sobre o Complexo de Tribunais de Albemarle.\u00a0O incidente foi noticiado pela primeira vez no The Daily Progress , que tamb\u00e9m obteve imagens de uma das deten\u00e7\u00f5es. No v\u00eddeo, um homem \u00e9 abordado em uma \u00e1rea sem restri\u00e7\u00f5es do sagu\u00e3o do tribunal e contido por v\u00e1rias pessoas (incluindo uma pessoa usando uma balaclava que cobria o rosto todo), enquanto v\u00e1rias outras sacavam seus celulares e perguntavam o que estava acontecendo.\u00a0O v\u00eddeo termina quando o homem \u00e9 escoltado para fora do pr\u00e9dio.<\/p>\n<p>Bryant disse no comunicado que a primeira deten\u00e7\u00e3o ocorreu &#8220;sem incidentes&#8221;, mas uma multid\u00e3o come\u00e7ou a se formar e registrar os agentes. &#8220;Quando os agentes federais foram alvo de grava\u00e7\u00f5es individuais, um dos agentes colocou um capuz para cobrir o rosto&#8221;, disse Bryant no comunicado de quarta-feira.\u00a0Reppucci disse que um poss\u00edvel agente do ICE foi visto em um tribunal, que fica na \u00e1rea segura do pr\u00e9dio, al\u00e9m de um detector de metais \u2014 onde os celulares devem ser desligados.<\/p>\n<p>\u201cFicou claro que havia um membro do ICE \u2014 ou supostamente do ICE, eu diria \u2014 no tribunal observando e duas pessoas, uma delas ocultando sua identidade, na \u00e1rea externa do sagu\u00e3o\u201d, disse Reppucci. \u201cPortanto, n\u00e3o acredito \u2014 ao rever o v\u00eddeo, porque n\u00e3o estava presente \u2014 que os dois indiv\u00edduos que detiveram a pessoa tenham realmente entrado fisicamente no tribunal ou necessariamente passado pelo detector de metais.\u201d<\/p>\n<p>Em fevereiro, o governador Glenn Youngkin assinou um decreto solicitando a cria\u00e7\u00e3o de for\u00e7as-tarefa conjuntas, a partir de ag\u00eancias estaduais, para aplicar a lei federal de imigra\u00e7\u00e3o, em coopera\u00e7\u00e3o com autoridades federais. No in\u00edcio desta semana, Youngkin anunciou que a for\u00e7a-tarefa havia prendido 521 migrantes que seu gabinete descreveu como &#8220;imigrantes ilegais criminosos&#8221;.<\/p>\n<p>&#8220;O Gabinete do Xerife do Condado de Albemarle n\u00e3o tem autoridade legal para fiscalizar a imigra\u00e7\u00e3o federal&#8221;, disse Bryant no comunicado. &#8220;A fiscaliza\u00e7\u00e3o da imigra\u00e7\u00e3o \u00e9 da compet\u00eancia de ag\u00eancias federais como o Servi\u00e7o de Imigra\u00e7\u00e3o e Alf\u00e2ndega dos EUA (ICE). O Gabinete do Xerife do Condado de Albemarle n\u00e3o tem qualquer contato com ag\u00eancias federais em rela\u00e7\u00e3o a indiv\u00edduos com processos judiciais.&#8221;<\/p>\n<p>O c\u00f3digo da Virg\u00ednia permite que policiais estaduais realizem pris\u00f5es sem mandado ap\u00f3s receberem a confirma\u00e7\u00e3o do ICE de que um imigrante est\u00e1 no pa\u00eds ilegalmente e j\u00e1 foi condenado por um crime grave \u2014 sob certas circunst\u00e2ncias. Mas a lei estadual determina que qualquer pessoa presa sob essa disposi\u00e7\u00e3o &#8221; deve ser levada imediatamente &#8221; perante um magistrado ou autoridade similar para determinar se h\u00e1 causa prov\u00e1vel de que tenha cometido um crime.<\/p>\n<p>O gabinete do defensor p\u00fablico de Albemarle n\u00e3o sabia que agentes do ICE estariam no tribunal, nem a ag\u00eancia federal ou uma autoridade delegada informou ao gabinete do defensor p\u00fablico que iriam levar as pessoas sob cust\u00f3dia, de acordo com Reppucci.<\/p>\n<p>\u201cEm algum momento, ficou bem claro que havia tr\u00eas pessoas l\u00e1 que normalmente n\u00e3o estariam l\u00e1, e que algo iria acontecer, embora elas nunca tenham se identificado\u201d, disse Reppucci.<\/p>\n<p>As acusa\u00e7\u00f5es contra Dominguez Rodriguez foram retiradas, de acordo com os registros do tribunal distrital geral, antes que ele possivelmente fosse levado sob cust\u00f3dia federal. A reportagem entrou em contato com o ICE para obter coment\u00e1rios, mas n\u00e3o obteve resposta at\u00e9 o momento da publica\u00e7\u00e3o.<\/p>\n<p>Reppucci disse que o gabinete do defensor p\u00fablico n\u00e3o tem &#8220;nenhuma capacidade&#8221; de intervir em quest\u00f5es jur\u00eddicas federais, j\u00e1 que os defensores p\u00fablicos representam pessoas que foram designados para representar \u2014 em quest\u00f5es judiciais estaduais ouvidas por ju\u00edzes de tribunais estaduais na cidade de Charlottesville e no Condado de Albemarle.<\/p>\n<p>Em uma declara\u00e7\u00e3o enviada por e-mail, o procurador-geral de Albemarle, Jim Hingeley, disse que n\u00e3o estava no tribunal quando as pris\u00f5es aconteceram &#8220;por indiv\u00edduos que alegaram ser agentes da lei do Departamento de Seguran\u00e7a Interna&#8221;.<\/p>\n<p>\u201cComo n\u00e3o tenho conhecimento em primeira m\u00e3o, estou investigando as circunst\u00e2ncias das pris\u00f5es no tribunal\u201d, disse ele. \u201cAs informa\u00e7\u00f5es que analisei at\u00e9 o momento indicam que esses supostos agentes da lei n\u00e3o exibiram distintivo ou outra indica\u00e7\u00e3o de autoridade que os autorizasse a efetuar pris\u00f5es legais nessas circunst\u00e2ncias.\u201d<\/p>\n<p>Hingeley tamb\u00e9m disse que novas a\u00e7\u00f5es como as pris\u00f5es de ter\u00e7a-feira \u201cconstituiriam um grave perigo para nossa comunidade\u201d.\u00a0Reppucci disse que seu gabinete n\u00e3o conseguiu falar com Dominguez Rodriguez desde sua deten\u00e7\u00e3o e que n\u00e3o tem ideia de onde ele est\u00e1 at\u00e9 o momento desta publica\u00e7\u00e3o. Ele tamb\u00e9m n\u00e3o sabe se o governo federal atualizar\u00e1 a Defensoria P\u00fablica sobre sua situa\u00e7\u00e3o, pois, legalmente, o homem n\u00e3o tem mais um caso aberto em Albemarle.\u00a0O Gabinete do Defensor P\u00fablico de Albemarle est\u00e1 tentando elaborar um plano para aconselhar clientes, testemunhas e o p\u00fablico em geral sobre como responder a uma situa\u00e7\u00e3o como essa, disse Reppucci, porque &#8220;isso causou ansiedade em grandes segmentos da nossa comunidade&#8221;.<\/p>\n<p>\u201cO tribunal est\u00e1 aqui para todos na comunidade\u201d, disse ele. \u201c\u00c9 um espa\u00e7o p\u00fablico onde podemos resolver disputas, sejam elas civis ou criminais, com o devido processo legal, e isso tornar\u00e1 mais dif\u00edcil para os r\u00e9us e, entre aspas, para as v\u00edtimas obterem uma resposta justa no tribunal, se as pessoas estiverem menos dispostas a comparecer ao tribunal e contar a verdade sobre o que sabem que aconteceu em uma situa\u00e7\u00e3o p\u00fablica.\u201d<\/p>\n<p>Em resposta \u00e0s deten\u00e7\u00f5es de ter\u00e7a-feira, dezenas de manifestantes se alinharam na cal\u00e7ada em frente ao tribunal na tarde de quarta-feira, agitando cartazes e cantando.\u00a0N\u00e3o ficou imediatamente claro quem organizou o protesto, embora v\u00e1rias contas de m\u00eddia social \u2014 incluindo o Comit\u00ea Democrata de Charlottesville \u2014 tenham dado cr\u00e9dito aos quakers locais. Um dos manifestantes, Robert Fudge, disse que n\u00e3o se sentiu nos EUA ao assistir \u00e0s imagens publicadas pelo The Daily Progress.\u00a0\u201cEra o tipo de coisa que a KGB faria, espancando pessoas e levando-as embora\u201d, disse ele. \u201cIsso n\u00e3o \u00e9 a Am\u00e9rica, e estou bastante chateado com isso.\u201d Outro manifestante disse que, com o aumento das deten\u00e7\u00f5es, alguns imigrantes podem se sentir inseguros nos tribunais, independentemente do status de imigra\u00e7\u00e3o. \u201cEu simplesmente n\u00e3o entendo por que voc\u00ea atacaria o sistema judici\u00e1rio de um estado levando as pessoas a um tribunal se voc\u00ea n\u00e3o quisesse que as pessoas tivessem medo de ir\u201d, eles disseram. Os manifestantes de quarta-feira disseram que estavam pressionando autoridades locais e estaduais para que se recusassem a cumprir o ICE.<\/p>\n","protected":false},"excerpt":{"rendered":"<p>Na manh\u00e3 de ter\u00e7a-feira, dois homens foram detidos por agentes \u00e0 paisana do Servi\u00e7o de Imigra\u00e7\u00e3o e Alf\u00e2ndega dos EUA no Tribunal do Condado de Albemarle, causando confus\u00e3o e dando in\u00edcio a um protesto na quarta-feira. Havia pelo menos tr\u00eas funcion\u00e1rios no tribunal distrital geral que n\u00e3o se identificaram completamente, de acordo com Nicholas Reppucci, que trabalha na Defensoria P\u00fablica do Condado de Albemarle. O escrit\u00f3rio representava Teodoro Dominguez Rodriguez, um dos homens que foi detido posteriormente. Reppucci esteve no pr\u00e9dio apenas brevemente, pois diferentes membros de seu gabinete compareceram ao tribunal para o julgamento. &#8220;Nenhum de n\u00f3s viu qualquer [&hellip;]<\/p>\n","protected":false},"author":1,"featured_media":60408,"comment_status":"open","ping_status":"closed","sticky":false,"template":"","format":"standard","meta":{"_links_to":"","_links_to_target":""},"categories":[3,1,10],"tags":[],"views":1055,"_links":{"self":[{"href":"https:\/\/www.brazilianpress.com\/v1\/wp-json\/wp\/v2\/posts\/60407"}],"collection":[{"href":"https:\/\/www.brazilianpress.com\/v1\/wp-json\/wp\/v2\/posts"}],"about":[{"href":"https:\/\/www.brazilianpress.com\/v1\/wp-json\/wp\/v2\/types\/post"}],"author":[{"embeddable":true,"href":"https:\/\/www.brazilianpress.com\/v1\/wp-json\/wp\/v2\/users\/1"}],"replies":[{"embeddable":true,"href":"https:\/\/www.brazilianpress.com\/v1\/wp-json\/wp\/v2\/comments?post=60407"}],"version-history":[{"count":1,"href":"https:\/\/www.brazilianpress.com\/v1\/wp-json\/wp\/v2\/posts\/60407\/revisions"}],"predecessor-version":[{"id":60409,"href":"https:\/\/www.brazilianpress.com\/v1\/wp-json\/wp\/v2\/posts\/60407\/revisions\/60409"}],"wp:featuredmedia":[{"embeddable":true,"href":"https:\/\/www.brazilianpress.com\/v1\/wp-json\/wp\/v2\/media\/60408"}],"wp:attachment":[{"href":"https:\/\/www.brazilianpress.com\/v1\/wp-json\/wp\/v2\/media?parent=60407"}],"wp:term":[{"taxonomy":"category","embeddable":true,"href":"https:\/\/www.brazilianpress.com\/v1\/wp-json\/wp\/v2\/categories?post=60407"},{"taxonomy":"post_tag","embeddable":true,"href":"https:\/\/www.brazilianpress.com\/v1\/wp-json\/wp\/v2\/tags?post=60407"}],"curies":[{"name":"wp","href":"https:\/\/api.w.org\/{rel}","templated":true}]}}