{"id":60475,"date":"2025-05-06T08:51:44","date_gmt":"2025-05-06T12:51:44","guid":{"rendered":"https:\/\/www.brazilianpress.com\/v1\/?p=60475"},"modified":"2025-05-06T08:51:44","modified_gmt":"2025-05-06T12:51:44","slug":"portugal-aprova-lei-para-prender-imigrantes-ilegais-incluindo-brasileiros-18-mil-serao-convidados-a-sair-imediatamente","status":"publish","type":"post","link":"https:\/\/www.brazilianpress.com\/v1\/2025\/05\/06\/portugal-aprova-lei-para-prender-imigrantes-ilegais-incluindo-brasileiros-18-mil-serao-convidados-a-sair-imediatamente\/","title":{"rendered":"Portugal aprova lei para prender imigrantes ilegais, incluindo brasileiros. 18 mil ser\u00e3o &#8220;convidados a sair imediatamente&#8221;"},"content":{"rendered":"<p><strong>O governo portugu\u00eas anunciou nesta ter\u00e7a-feira (6) o in\u00edcio de um processo para notificar cerca de 18 mil estrangeiros em situa\u00e7\u00e3o irregular a deixarem o pa\u00eds. Desse total, 4.574 imigrantes j\u00e1 receber\u00e3o as comunica\u00e7\u00f5es na pr\u00f3xima semana, segundo apurado pela imprensa internacional.<\/strong><\/p>\n<p>As notifica\u00e7\u00f5es ser\u00e3o direcionadas a residentes que tiveram seus pedidos de legaliza\u00e7\u00e3o negados pela Ag\u00eancia para a Integra\u00e7\u00e3o, Migra\u00e7\u00f5es e Asilo (AIMA) por n\u00e3o cumprirem as regras locais. Conforme explicou o ministro da Presid\u00eancia, Ant\u00f3nio Leit\u00e3o Amaro, em entrevista \u00e0 R\u00e1dio Observador, cerca de dois ter\u00e7os dos casos envolvem cidad\u00e3os da \u00cdndia, Paquist\u00e3o, Bangladesh, Nepal e But\u00e3o. Brasileiros tamb\u00e9m est\u00e3o na lista, embora em menor n\u00famero.<\/p>\n<p>A partir da notifica\u00e7\u00e3o, os imigrantes ter\u00e3o 20 dias para sair de Portugal. Quem n\u00e3o cumprir a ordem poder\u00e1 ser detido e encaminhado para centros de deporta\u00e7\u00e3o, de acordo com a legisla\u00e7\u00e3o do pa\u00eds.<\/p>\n<p><strong>Recursos n\u00e3o suspendem prazos<\/strong><\/p>\n<p>Artur Gir\u00e3o, presidente do Sindicato dos Trabalhadores da AIMA, destacou que, embora os notificados possam recorrer das decis\u00f5es, o prazo para deixar o territ\u00f3rio segue contando durante o tr\u00e2mite. &#8220;Se n\u00e3o houver cumprimento e a pessoa for identificada \u2013 at\u00e9 mesmo numa blitz de tr\u00e2nsito \u2013, ser\u00e1 detida e aguardar\u00e1 deporta\u00e7\u00e3o&#8221;, afirmou.\u00a0Gir\u00e3o ressaltou, no entanto, que a AIMA n\u00e3o tem poder para efetuar pris\u00f5es, fun\u00e7\u00e3o que caber\u00e1 \u00e0s for\u00e7as de seguran\u00e7a. &#8220;Diferente dos EUA, n\u00e3o temos compet\u00eancia para remo\u00e7\u00f5es. N\u00e3o ser\u00e1 uma ca\u00e7a aos imigrantes&#8221;, disse, em refer\u00eancia \u00e0s pol\u00edticas de deporta\u00e7\u00e3o do governo Trump.<\/p>\n<p><strong>Cen\u00e1rio pol\u00edtico e eleitoral<\/strong><\/p>\n<p>A medida ocorre em meio \u00e0 campanha para as elei\u00e7\u00f5es legislativas marcadas para 18 de maio, ap\u00f3s a queda do primeiro-ministro Lu\u00eds Montenegro (PSD), envolvido em um esc\u00e2ndalo ligado a uma empresa familiar. Montenegro governava em minoria e agora comanda o Executivo interinamente.\u00a0Leit\u00e3o Amaro admitiu que o n\u00famero de notifica\u00e7\u00f5es deve crescer, j\u00e1 que Portugal tem cerca de 110 mil pedidos de resid\u00eancia pendentes. A a\u00e7\u00e3o refor\u00e7a o endurecimento das pol\u00edticas migrat\u00f3rias no pa\u00eds, que enfrenta press\u00f5es sobre seu sistema de acolhimento.<\/p>\n","protected":false},"excerpt":{"rendered":"<p>O governo portugu\u00eas anunciou nesta ter\u00e7a-feira (6) o in\u00edcio de um processo para notificar cerca de 18 mil estrangeiros em situa\u00e7\u00e3o irregular a deixarem o pa\u00eds. Desse total, 4.574 imigrantes j\u00e1 receber\u00e3o as comunica\u00e7\u00f5es na pr\u00f3xima semana, segundo apurado pela imprensa internacional. As notifica\u00e7\u00f5es ser\u00e3o direcionadas a residentes que tiveram seus pedidos de legaliza\u00e7\u00e3o negados pela Ag\u00eancia para a Integra\u00e7\u00e3o, Migra\u00e7\u00f5es e Asilo (AIMA) por n\u00e3o cumprirem as regras locais. Conforme explicou o ministro da Presid\u00eancia, Ant\u00f3nio Leit\u00e3o Amaro, em entrevista \u00e0 R\u00e1dio Observador, cerca de dois ter\u00e7os dos casos envolvem cidad\u00e3os da \u00cdndia, Paquist\u00e3o, Bangladesh, Nepal e But\u00e3o. Brasileiros [&hellip;]<\/p>\n","protected":false},"author":1,"featured_media":60476,"comment_status":"open","ping_status":"closed","sticky":false,"template":"","format":"standard","meta":{"_links_to":"","_links_to_target":""},"categories":[3,8,1],"tags":[],"views":1570,"_links":{"self":[{"href":"https:\/\/www.brazilianpress.com\/v1\/wp-json\/wp\/v2\/posts\/60475"}],"collection":[{"href":"https:\/\/www.brazilianpress.com\/v1\/wp-json\/wp\/v2\/posts"}],"about":[{"href":"https:\/\/www.brazilianpress.com\/v1\/wp-json\/wp\/v2\/types\/post"}],"author":[{"embeddable":true,"href":"https:\/\/www.brazilianpress.com\/v1\/wp-json\/wp\/v2\/users\/1"}],"replies":[{"embeddable":true,"href":"https:\/\/www.brazilianpress.com\/v1\/wp-json\/wp\/v2\/comments?post=60475"}],"version-history":[{"count":1,"href":"https:\/\/www.brazilianpress.com\/v1\/wp-json\/wp\/v2\/posts\/60475\/revisions"}],"predecessor-version":[{"id":60477,"href":"https:\/\/www.brazilianpress.com\/v1\/wp-json\/wp\/v2\/posts\/60475\/revisions\/60477"}],"wp:featuredmedia":[{"embeddable":true,"href":"https:\/\/www.brazilianpress.com\/v1\/wp-json\/wp\/v2\/media\/60476"}],"wp:attachment":[{"href":"https:\/\/www.brazilianpress.com\/v1\/wp-json\/wp\/v2\/media?parent=60475"}],"wp:term":[{"taxonomy":"category","embeddable":true,"href":"https:\/\/www.brazilianpress.com\/v1\/wp-json\/wp\/v2\/categories?post=60475"},{"taxonomy":"post_tag","embeddable":true,"href":"https:\/\/www.brazilianpress.com\/v1\/wp-json\/wp\/v2\/tags?post=60475"}],"curies":[{"name":"wp","href":"https:\/\/api.w.org\/{rel}","templated":true}]}}