{"id":60487,"date":"2025-05-06T19:33:24","date_gmt":"2025-05-06T23:33:24","guid":{"rendered":"https:\/\/www.brazilianpress.com\/v1\/?p=60487"},"modified":"2025-05-06T19:33:24","modified_gmt":"2025-05-06T23:33:24","slug":"urgente-vaza-informacao-de-que-ice-prepara-mega-operacao-contra-restaurantes-de-washington-dc-prefeita-tranquiliza-imigrantes","status":"publish","type":"post","link":"https:\/\/www.brazilianpress.com\/v1\/2025\/05\/06\/urgente-vaza-informacao-de-que-ice-prepara-mega-operacao-contra-restaurantes-de-washington-dc-prefeita-tranquiliza-imigrantes\/","title":{"rendered":"Urgente: Vaza informa\u00e7\u00e3o de que ICE prepara mega opera\u00e7\u00e3o contra restaurantes de Washington DC. Prefeita tranquiliza imigrantes"},"content":{"rendered":"<p class=\"ds-markdown-paragraph\"><strong>Rumores sobre uma poss\u00edvel opera\u00e7\u00e3o de imigra\u00e7\u00e3o na capital dos Estados Unidos levaram organiza\u00e7\u00f5es de defesa dos direitos dos imigrantes a refor\u00e7ar orienta\u00e7\u00f5es sobre como agir em caso de abordagem por agentes do ICE (<em>Immigration and Customs Enforcement<\/em>).<\/strong><\/p>\n<p class=\"ds-markdown-paragraph\">Segundo relatos n\u00e3o confirmados, uma a\u00e7\u00e3o de fiscaliza\u00e7\u00e3o estaria em andamento na regi\u00e3o, aumentando o temor entre comunidades imigrantes. Autoridades locais e grupos de apoio destacam a import\u00e2ncia de conhecer os direitos b\u00e1sicos para evitar deporta\u00e7\u00f5es injustas.<\/p>\n<p class=\"ds-markdown-paragraph\"><strong>Direitos fundamentais:<\/strong><\/p>\n<ul>\n<li>\n<p class=\"ds-markdown-paragraph\"><strong>Permane\u00e7a em sil\u00eancio:<\/strong>\u00a0Voc\u00ea n\u00e3o \u00e9 obrigado a responder a perguntas sobre seu status migrat\u00f3rio.<\/p>\n<\/li>\n<li>\n<p class=\"ds-markdown-paragraph\"><strong>N\u00e3o abra a porta:<\/strong>\u00a0A menos que os agentes apresentem um mandado judicial v\u00e1lido (assinado por um juiz), n\u00e3o h\u00e1 obriga\u00e7\u00e3o de permitir a entrada.<\/p>\n<\/li>\n<li>\n<p class=\"ds-markdown-paragraph\"><strong>Documentos pessoais:<\/strong>\u00a0Guarde c\u00f3pias de documentos importantes e, se poss\u00edvel, consulte um advogado especializado.<\/p>\n<\/li>\n<li>\n<p class=\"ds-markdown-paragraph\"><strong>N\u00e3o assine nada:<\/strong>\u00a0Sem orienta\u00e7\u00e3o legal, evitar assinar documentos que possam prejudicar seu caso.<\/p>\n<\/li>\n<\/ul>\n<p><img loading=\"lazy\" class=\"alignnone size-full wp-image-60189\" src=\"https:\/\/www.brazilianpress.com\/v1\/wp-content\/uploads\/2025\/03\/ice-imigrantes-batida-ilegais-prisao-eua-massachussets.jpg\" alt=\"\" width=\"700\" height=\"349\" srcset=\"https:\/\/www.brazilianpress.com\/v1\/wp-content\/uploads\/2025\/03\/ice-imigrantes-batida-ilegais-prisao-eua-massachussets.jpg 700w, https:\/\/www.brazilianpress.com\/v1\/wp-content\/uploads\/2025\/03\/ice-imigrantes-batida-ilegais-prisao-eua-massachussets-300x150.jpg 300w, https:\/\/www.brazilianpress.com\/v1\/wp-content\/uploads\/2025\/03\/ice-imigrantes-batida-ilegais-prisao-eua-massachussets-400x200.jpg 400w, https:\/\/www.brazilianpress.com\/v1\/wp-content\/uploads\/2025\/03\/ice-imigrantes-batida-ilegais-prisao-eua-massachussets-600x300.jpg 600w\" sizes=\"(max-width: 700px) 100vw, 700px\" \/><\/p>\n<p class=\"ds-markdown-paragraph\"><strong>Rea\u00e7\u00e3o das autoridades locais:<\/strong><\/p>\n<p class=\"ds-markdown-paragraph\">O prefeito de D.C., Muriel Bowser, reiterou o compromisso da cidade como &#8220;santu\u00e1rio&#8221; para imigrantes, enquanto defensores pedem calma e alertam sobre a dissemina\u00e7\u00e3o de desinforma\u00e7\u00e3o. &#8220;\u00c9 crucial verificar fontes confi\u00e1veis antes de compartilhar alertas&#8221;, disse Natalia M\u00e1rquez, da\u00a0<em>Coaliz\u00e3o pelos Direitos Imigrantes<\/em>.<\/p>\n<p class=\"ds-markdown-paragraph\">O ICE n\u00e3o confirmou oficialmente nenhuma opera\u00e7\u00e3o, mas a ag\u00eancia j\u00e1 realizou a\u00e7\u00f5es sem aviso pr\u00e9vio em outras cidades. A comunidade \u00e9 aconselhada a se manter informada atrav\u00e9s de organiza\u00e7\u00f5es locais e canais oficiais.<\/p>\n","protected":false},"excerpt":{"rendered":"<p>Rumores sobre uma poss\u00edvel opera\u00e7\u00e3o de imigra\u00e7\u00e3o na capital dos Estados Unidos levaram organiza\u00e7\u00f5es de defesa dos direitos dos imigrantes a refor\u00e7ar orienta\u00e7\u00f5es sobre como agir em caso de abordagem por agentes do ICE (Immigration and Customs Enforcement). Segundo relatos n\u00e3o confirmados, uma a\u00e7\u00e3o de fiscaliza\u00e7\u00e3o estaria em andamento na regi\u00e3o, aumentando o temor entre comunidades imigrantes. Autoridades locais e grupos de apoio destacam a import\u00e2ncia de conhecer os direitos b\u00e1sicos para evitar deporta\u00e7\u00f5es injustas. Direitos fundamentais: Permane\u00e7a em sil\u00eancio:\u00a0Voc\u00ea n\u00e3o \u00e9 obrigado a responder a perguntas sobre seu status migrat\u00f3rio. N\u00e3o abra a porta:\u00a0A menos que os agentes apresentem [&hellip;]<\/p>\n","protected":false},"author":1,"featured_media":60488,"comment_status":"open","ping_status":"closed","sticky":false,"template":"","format":"standard","meta":{"_links_to":"","_links_to_target":""},"categories":[4,3,1],"tags":[],"views":1419,"_links":{"self":[{"href":"https:\/\/www.brazilianpress.com\/v1\/wp-json\/wp\/v2\/posts\/60487"}],"collection":[{"href":"https:\/\/www.brazilianpress.com\/v1\/wp-json\/wp\/v2\/posts"}],"about":[{"href":"https:\/\/www.brazilianpress.com\/v1\/wp-json\/wp\/v2\/types\/post"}],"author":[{"embeddable":true,"href":"https:\/\/www.brazilianpress.com\/v1\/wp-json\/wp\/v2\/users\/1"}],"replies":[{"embeddable":true,"href":"https:\/\/www.brazilianpress.com\/v1\/wp-json\/wp\/v2\/comments?post=60487"}],"version-history":[{"count":1,"href":"https:\/\/www.brazilianpress.com\/v1\/wp-json\/wp\/v2\/posts\/60487\/revisions"}],"predecessor-version":[{"id":60489,"href":"https:\/\/www.brazilianpress.com\/v1\/wp-json\/wp\/v2\/posts\/60487\/revisions\/60489"}],"wp:featuredmedia":[{"embeddable":true,"href":"https:\/\/www.brazilianpress.com\/v1\/wp-json\/wp\/v2\/media\/60488"}],"wp:attachment":[{"href":"https:\/\/www.brazilianpress.com\/v1\/wp-json\/wp\/v2\/media?parent=60487"}],"wp:term":[{"taxonomy":"category","embeddable":true,"href":"https:\/\/www.brazilianpress.com\/v1\/wp-json\/wp\/v2\/categories?post=60487"},{"taxonomy":"post_tag","embeddable":true,"href":"https:\/\/www.brazilianpress.com\/v1\/wp-json\/wp\/v2\/tags?post=60487"}],"curies":[{"name":"wp","href":"https:\/\/api.w.org\/{rel}","templated":true}]}}